{"id":51193,"date":"2025-10-09T09:06:28","date_gmt":"2025-10-09T09:06:28","guid":{"rendered":"https:\/\/www.europesays.com\/se\/51193\/"},"modified":"2025-10-09T09:06:28","modified_gmt":"2025-10-09T09:06:28","slug":"musk-forlikas-med-sparkade-twittertoppar","status":"publish","type":"post","link":"https:\/\/www.europesays.com\/se\/51193\/","title":{"rendered":"Musk f\u00f6rlikas med sparkade Twittertoppar"},"content":{"rendered":"<p>Elon Musk har f\u00f6likats med flera tidigare toppar p\u00e5 Twitter, som han sparkade i samband med att han k\u00f6pte plattformen 2022. Det rapporterar flera medier. <\/p>\n<p>Detaljerna kring f\u00f6rlikningen \u00e4r inte k\u00e4nda. <\/p>\n<p>I st\u00e4mningen kr\u00e4vde tv\u00e5 tidigare chefer och tv\u00e5 av bolagets tidigare toppjurister Musk p\u00e5 motsvarande 1,2 miljarder kronor. De har h\u00e4vdat att de sparkades utan giltiga orsaker och att Musk dessutom ljugit om omst\u00e4ndigheterna offentligt. <\/p>\n<p>Omni \u00e4r politiskt obundna och oberoende. Vi str\u00e4var efter att ge fler perspektiv p\u00e5 nyheterna. Har du fr\u00e5gor eller synpunkter kring v\u00e5r rapportering? <a href=\"https:\/\/omni.se\/musk-forlikas-med-sparkade-twittertoppar\/a\/mailto:redaktion@omni.se\" class=\"ArticleActions_contactLink__W2F1M\" rel=\"nofollow noopener\" target=\"_blank\">Kontakta redaktionen<\/a><\/p>\n","protected":false},"excerpt":{"rendered":"Elon Musk har f\u00f6likats med flera tidigare toppar p\u00e5 Twitter, som han sparkade i samband med att han&hellip;\n","protected":false},"author":2,"featured_media":51194,"comment_status":"","ping_status":"","sticky":false,"template":"","format":"standard","meta":{"footnotes":""},"categories":[65],"tags":[72,333,70,71,704,334,34,31,33,32,30,5053],"class_list":{"0":"post-51193","1":"post","2":"type-post","3":"status-publish","4":"format-standard","5":"has-post-thumbnail","7":"category-ekonomi","8":"tag-business","9":"tag-data","10":"tag-economy","11":"tag-ekonomi","12":"tag-elon-musk","13":"tag-it-hogteknologi","14":"tag-se","15":"tag-svenska","16":"tag-sverige","17":"tag-sweden","18":"tag-swedish","19":"tag-x-tidigare-twitter"},"share_on_mastodon":{"url":"","error":""},"_links":{"self":[{"href":"https:\/\/www.europesays.com\/se\/wp-json\/wp\/v2\/posts\/51193","targetHints":{"allow":["GET"]}}],"collection":[{"href":"https:\/\/www.europesays.com\/se\/wp-json\/wp\/v2\/posts"}],"about":[{"href":"https:\/\/www.europesays.com\/se\/wp-json\/wp\/v2\/types\/post"}],"author":[{"embeddable":true,"href":"https:\/\/www.europesays.com\/se\/wp-json\/wp\/v2\/users\/2"}],"replies":[{"embeddable":true,"href":"https:\/\/www.europesays.com\/se\/wp-json\/wp\/v2\/comments?post=51193"}],"version-history":[{"count":0,"href":"https:\/\/www.europesays.com\/se\/wp-json\/wp\/v2\/posts\/51193\/revisions"}],"wp:featuredmedia":[{"embeddable":true,"href":"https:\/\/www.europesays.com\/se\/wp-json\/wp\/v2\/media\/51194"}],"wp:attachment":[{"href":"https:\/\/www.europesays.com\/se\/wp-json\/wp\/v2\/media?parent=51193"}],"wp:term":[{"taxonomy":"category","embeddable":true,"href":"https:\/\/www.europesays.com\/se\/wp-json\/wp\/v2\/categories?post=51193"},{"taxonomy":"post_tag","embeddable":true,"href":"https:\/\/www.europesays.com\/se\/wp-json\/wp\/v2\/tags?post=51193"}],"curies":[{"name":"wp","href":"https:\/\/api.w.org\/{rel}","templated":true}]}}