{"id":51443,"date":"2025-10-09T13:49:12","date_gmt":"2025-10-09T13:49:12","guid":{"rendered":"https:\/\/www.europesays.com\/se\/51443\/"},"modified":"2025-10-09T13:49:12","modified_gmt":"2025-10-09T13:49:12","slug":"edward-blom-ar-nyexpert-hos-expressen","status":"publish","type":"post","link":"https:\/\/www.europesays.com\/se\/51443\/","title":{"rendered":"Edward Blom \u00e4r ny\nexpert hos Expressen"},"content":{"rendered":"<p>Publicerad 9 okt 2025 kl 10.51Uppdaterad kl 11.54<\/p>\n<p>Hur ber man n\u00e5gon att sluta nysa i handen? Och \u00e4r det ofint att anv\u00e4nda Swishs funktion f\u00f6r att be om pengar tillbaka?<\/p>\n<p>Det och mycket mer kan du f\u00e5 svar p\u00e5 av Expressens nya vett och etikettexpert Edward Blom. \u00a0<\/p>\n<p>\u2013 Jag har ju intresserat mig f\u00f6r etikett sedan ton\u00e5ren, och de senaste 15 \u00e5ren mer yrkesm\u00e4ssigt. Det ska bli v\u00e4ldigt roligt att f\u00e5 n\u00e5 ut till en bredare publik genom att svara p\u00e5 fr\u00e5gor i Expressen, s\u00e4ger han.\u00a0<\/p>\n<p><img   alt=\"\"\/><\/p>\n<p>Edward Blom \u00e4r Expressens nya vett- och etikettexpert.<\/p>\n<p>Foto: OLLE SPORRONG<\/p>\n<p>\u00d6ppna bild i helsk\u00e4rm<\/p>\n<p><a href=\"https:\/\/www.expressen.se\/tagg\/person\/edward-blom\/\" class=\"\" rel=\"nofollow noopener\" target=\"_blank\">Edward Blom<\/a>, 54, \u00e4r en av Sveriges fr\u00e4msta profiler inom gastronomi och f\u00f6rfattare till \u201dEdward Bloms etikettbok \u2013 Om konsten att umg\u00e5s med m\u00e4nniskor\u201d\u201d. Han beskriver sig sj\u00e4lv som \u00f6verintresserad av etikettfr\u00e5gor sedan h\u00f6gstadietiden och har svarat p\u00e5 etikettfr\u00e5gor till och fr\u00e5n i egna podden \u201dEdward Bloms sm\u00f6rg\u00e5sbord\u201d sedan 2017.<\/p>\n<p>Nu f\u00e5r \u00e4ven Expressens l\u00e4sare ta del av hans penna n\u00e4r han ansluter till Expressens stora panel av experter. Varje vecka svarar profiler som Birgitta Piper, Bengt Ohlsson och Per Naroskin p\u00e5 l\u00e4sarnas fr\u00e5gor och hj\u00e4lper dem l\u00f6sa dilemman. I sin roll som vett och etikettexpert kommer Edward Blom att varannan vecka svara p\u00e5 en l\u00e4sarfr\u00e5ga.<\/p>\n<p><strong>Varf\u00f6r \u00e4r det viktigt med vett och etikett?<\/strong><\/p>\n<p><strong>\u2013 <\/strong>I f\u00f6rsta hand f\u00f6r att ingen ska bli ledsen. Etiketten ser till att alla f\u00e5r delta, att alla blir sedda, att ingen beg\u00e5r \u00f6vergrepp. F\u00f6rvisso kan vissa former av etikett \u00e4ven anv\u00e4ndas f\u00f6r att utest\u00e4nga andra, men i f\u00f6rsta hand \u00e4r den till f\u00f6r att underl\u00e4tta m\u00e4nniskors umg\u00e4nge med varandra. Och etikett \u00e4r inga hemligheter man m\u00e5ste ha f\u00e5tt med hemifr\u00e5n, den \u00e4r l\u00e4tt att l\u00e4ra in.<\/p>\n<p><strong>Vilket \u00e4r det v\u00e4rsta etikettbrottet enligt dig?<\/strong><\/p>\n<p>\u2013 Det finns s\u00e5 m\u00e5nga, men alla de allvarliga handlar om att g\u00f6ra folk v\u00e4ldigt ledsna. Att dra med sig de roligaste g\u00e4sterna fr\u00e5n en fest och g\u00e5 p\u00e5 krogen, n\u00e4r v\u00e4rdparet slitit i veckor med planering, matlagning och annat f\u00f6r att f\u00e5 en riktigt lyckad tillst\u00e4llning. Att inte prata med sin bordsdam\/bordsherre utan l\u00e5ta hen sitta i flera timmar mellan tv\u00e5 bortv\u00e4nda ryggar. Fast allra v\u00e4rst \u00e4r f\u00f6rst\u00e5s att b\u00f6rja sl\u00e5ss p\u00e5 en bjudning.\u00a0<\/p>\n<p><strong>Nu i Nobeltider, hur ser du p\u00e5 G\u00f6ran Perssons klassiska etikettbrott att ta fram mobilen under Nobelmiddagen?<\/strong><\/p>\n<p>\u2013 Nobelfesten \u00e4r ju verkligen den mest formella sittning man kan t\u00e4nka sig, d\u00e5 ska man absolut inte ta fram mobiltelefonen. Samtidigt vet jag ju inte detaljerna om det var n\u00e5got som r\u00f6rde rikets s\u00e4kerhet eller han hade ett allvarligt sjukt barn hemma \u2013 och om han f\u00f6rst bad om urs\u00e4kt och f\u00f6rklarade sig f\u00f6r sina bordsgrannar s\u00e5 skulle det har varit acceptabelt. Man kan fundera p\u00e5 om det varit b\u00e4ttre att g\u00e5 ut och ta samtalet utanf\u00f6r, men att l\u00e4mna bordet \u00e4r p\u00e5 en s\u00e5dan elegant tillst\u00e4llning \u00e4r ocks\u00e5 ett etikettbrott.\u00a0<\/p>\n<p>Vett och etikett med Edward Blom<\/p>\n<p>\u25a0 Har gjort webbkurs i text och video om etikett f\u00f6r Allt om mat 2018.<\/p>\n<p>\u25a0 Gav ut boken \u201dEdward Bloms etikettbok\u201d 2022 efter att redakt\u00f6ren som gett ut Magdalena Ribbings sista etikettbok kontaktade Edward f\u00f6r att skriva den.<\/p>\n<p>\u25a0 \u00c4r \u00e4ven Etikett-kr\u00f6nik\u00f6r i Axess sedan sommaren 2025.<\/p>\n<p>Visa merHar du en fr\u00e5ga till Edward Blom?<\/p>\n<p>Edward Blom \u00e4r en av Sveriges fr\u00e4msta profiler inom gastronomi och f\u00f6rfattare till Etikettboken: Konsten att umg\u00e5s med m\u00e4nniskor. Varannan vecka svarar han p\u00e5 fr\u00e5gor om vett och etikett.<\/p>\n<p>Mejla din fr\u00e5ga till edward.blom@expressen.se och skriv \u201dFr\u00e5ga om vett och etikett\u201d i \u00e4mnesraden.<\/p>\n<p>Visa mer<\/p>\n","protected":false},"excerpt":{"rendered":"Publicerad 9 okt 2025 kl 10.51Uppdaterad kl 11.54 Hur ber man n\u00e5gon att sluta nysa i handen? Och&hellip;\n","protected":false},"author":2,"featured_media":51444,"comment_status":"","ping_status":"","sticky":false,"template":"","format":"standard","meta":{"footnotes":""},"categories":[12],"tags":[22,23,26,27,17,21,24,25,28,29,15,16,5065,18,34,154,31,33,32,30,19,20],"class_list":{"0":"post-51443","1":"post","2":"type-post","3":"status-publish","4":"format-standard","5":"has-post-thumbnail","7":"category-sverige","8":"tag-breaking-news","9":"tag-breakingnews","10":"tag-featured-news","11":"tag-featurednews","12":"tag-headlines","13":"tag-huvudnyheter","14":"tag-latest-news","15":"tag-latestnews","16":"tag-main-news","17":"tag-mainnews","18":"tag-news","19":"tag-nyheter","20":"tag-person-edward-blom","21":"tag-rubriker","22":"tag-se","23":"tag-sections-sverige","24":"tag-svenska","25":"tag-sverige","26":"tag-sweden","27":"tag-swedish","28":"tag-top-stories","29":"tag-topstories"},"share_on_mastodon":{"url":"","error":""},"_links":{"self":[{"href":"https:\/\/www.europesays.com\/se\/wp-json\/wp\/v2\/posts\/51443","targetHints":{"allow":["GET"]}}],"collection":[{"href":"https:\/\/www.europesays.com\/se\/wp-json\/wp\/v2\/posts"}],"about":[{"href":"https:\/\/www.europesays.com\/se\/wp-json\/wp\/v2\/types\/post"}],"author":[{"embeddable":true,"href":"https:\/\/www.europesays.com\/se\/wp-json\/wp\/v2\/users\/2"}],"replies":[{"embeddable":true,"href":"https:\/\/www.europesays.com\/se\/wp-json\/wp\/v2\/comments?post=51443"}],"version-history":[{"count":0,"href":"https:\/\/www.europesays.com\/se\/wp-json\/wp\/v2\/posts\/51443\/revisions"}],"wp:featuredmedia":[{"embeddable":true,"href":"https:\/\/www.europesays.com\/se\/wp-json\/wp\/v2\/media\/51444"}],"wp:attachment":[{"href":"https:\/\/www.europesays.com\/se\/wp-json\/wp\/v2\/media?parent=51443"}],"wp:term":[{"taxonomy":"category","embeddable":true,"href":"https:\/\/www.europesays.com\/se\/wp-json\/wp\/v2\/categories?post=51443"},{"taxonomy":"post_tag","embeddable":true,"href":"https:\/\/www.europesays.com\/se\/wp-json\/wp\/v2\/tags?post=51443"}],"curies":[{"name":"wp","href":"https:\/\/api.w.org\/{rel}","templated":true}]}}