{"id":51588,"date":"2025-10-09T17:39:40","date_gmt":"2025-10-09T17:39:40","guid":{"rendered":"https:\/\/www.europesays.com\/se\/51588\/"},"modified":"2025-10-09T17:39:40","modified_gmt":"2025-10-09T17:39:40","slug":"larmar-om-trump-auktoritar-regim-expressen","status":"publish","type":"post","link":"https:\/\/www.europesays.com\/se\/51588\/","title":{"rendered":"Larmar om Trump: \u201dAuktorit\u00e4r regim\u201d &#8211; Expressen"},"content":{"rendered":"<ol>\n<li><a href=\"https:\/\/news.google.com\/rss\/articles\/CBMif0FVX3lxTFBGTFI5QVZDams2QXQ5eVo4MlFNb05RX2ppVXVubzA3bG5wWnNTNlVmV2NXSktNbGh1aHFnejhvUzRmOXU5TGZyUEdkY3g4X3FxU3pxUHE0d0YwN1pBM19tSjNOZnZmRy1mYmlnT1FCem9Md0tybkpLQXloYzdZUms?oc=5\" target=\"_blank\" rel=\"nofollow noopener\">Larmar om Trump: \u201dAuktorit\u00e4r regim\u201d<\/a>&nbsp;&nbsp;Expressen<\/li>\n<li><a href=\"https:\/\/news.google.com\/rss\/articles\/CBMiiwFBVV95cUxOWHhUOTl2QUY5em8zSW10Y3ZNTEs3Z1NiQ2JxUGpSVEZMZGpPLXR5djFwMU5vTEtUWWNmSWE0RVhKczNRcjFZNS0xaWVLWHNRUGg3M3AwNUo5dFRLX2pNRV9QdUZNckJRWExTSlhPLTktdnhDT1JLdXBzZkFFM2xGbjJFeTBXdFd0UzB3?oc=5\" target=\"_blank\" rel=\"nofollow noopener\">Texas nationalgarde p\u00e5 plats utanf\u00f6r Chicago<\/a>&nbsp;&nbsp;Aftonbladet<\/li>\n<li><a href=\"https:\/\/news.google.com\/rss\/articles\/CBMicEFVX3lxTE5VZU11ekFWZWphTksyUTFEOF9DMG5TeXF6aUI2RjFDaTgyb05wNnItVEpGckVIeEJGeDdvdnd6WTk3bUpGRHdTV01XUy01VTV4dGVNY0tubFVHY3B2MjJVYVlvZExqUEF2cmZKOWZHQ1M?oc=5\" target=\"_blank\" rel=\"nofollow noopener\">Trump \u00f6ppnar f\u00f6r att anv\u00e4nda upprorslag<\/a>&nbsp;&nbsp;SVT Nyheter<\/li>\n<li><a href=\"https:\/\/news.google.com\/rss\/articles\/CBMicEFVX3lxTE0wdThULXFhSXdReEpJeERFYjNiR2ZVMDRCWXd5U3JzUFlEMEtsdy1pSWhTMXlFT3p2LVFzb0lXaExiSkxZbVNjYnpIYkhvM2Y0WEVZYmFPWW5zZlRNREhpUHJyb1BMTlM3ZWZpWlhOOWk?oc=5\" target=\"_blank\" rel=\"nofollow noopener\">Trumps soldater anl\u00e4nder i Chicago<\/a>&nbsp;&nbsp;SvD<\/li>\n<li><a href=\"https:\/\/news.google.com\/rss\/articles\/CBMimgFBVV95cUxPS1JMQjFwS0NrYm5UMVRYTVJRUUlXUDFCV2haQXdnNkI3OW0xYmN3RHMtWWtEZzBINTRlQ2g2M0V1ZzZnOVBwdVRoZ1BsQm1wQWUtZTFXZ1JtcHBnYjI2R2s2VFF2MG50T2dITzEzNHlZZF9IRkNVNHpYbEtzYnBpYXNwWU93eG1vQm50Qkt4M2stZEdOVzRfSjBR?oc=5\" target=\"_blank\" rel=\"nofollow noopener\">Delstater rasar n\u00e4r Trump skickar ut milit\u00e4ren p\u00e5 gatorna 8 oktober 2025 &#8211; USApodden<\/a>&nbsp;&nbsp;Sveriges Radio<\/li>\n<\/ol>\n","protected":false},"excerpt":{"rendered":"Larmar om Trump: \u201dAuktorit\u00e4r regim\u201d&nbsp;&nbsp;Expressen Texas nationalgarde p\u00e5 plats utanf\u00f6r Chicago&nbsp;&nbsp;Aftonbladet Trump \u00f6ppnar f\u00f6r att anv\u00e4nda upprorslag&nbsp;&nbsp;SVT Nyheter&hellip;\n","protected":false},"author":2,"featured_media":51589,"comment_status":"","ping_status":"","sticky":false,"template":"","format":"standard","meta":{"footnotes":""},"categories":[5],"tags":[22,23,26,27,17,21,24,25,4901,28,29,15,16,198,18,34,55,31,33,32,30,19,204,20],"class_list":{"0":"post-51588","1":"post","2":"type-post","3":"status-publish","4":"format-standard","5":"has-post-thumbnail","7":"category-rubriker","8":"tag-breaking-news","9":"tag-breakingnews","10":"tag-featured-news","11":"tag-featurednews","12":"tag-headlines","13":"tag-huvudnyheter","14":"tag-latest-news","15":"tag-latestnews","16":"tag-location-illinois","17":"tag-main-news","18":"tag-mainnews","19":"tag-news","20":"tag-nyheter","21":"tag-person-donald-trump","22":"tag-rubriker","23":"tag-se","24":"tag-sections-varlden","25":"tag-svenska","26":"tag-sverige","27":"tag-sweden","28":"tag-swedish","29":"tag-top-stories","30":"tag-topic-amerikansk-politik","31":"tag-topstories"},"share_on_mastodon":{"url":"","error":""},"_links":{"self":[{"href":"https:\/\/www.europesays.com\/se\/wp-json\/wp\/v2\/posts\/51588","targetHints":{"allow":["GET"]}}],"collection":[{"href":"https:\/\/www.europesays.com\/se\/wp-json\/wp\/v2\/posts"}],"about":[{"href":"https:\/\/www.europesays.com\/se\/wp-json\/wp\/v2\/types\/post"}],"author":[{"embeddable":true,"href":"https:\/\/www.europesays.com\/se\/wp-json\/wp\/v2\/users\/2"}],"replies":[{"embeddable":true,"href":"https:\/\/www.europesays.com\/se\/wp-json\/wp\/v2\/comments?post=51588"}],"version-history":[{"count":0,"href":"https:\/\/www.europesays.com\/se\/wp-json\/wp\/v2\/posts\/51588\/revisions"}],"wp:featuredmedia":[{"embeddable":true,"href":"https:\/\/www.europesays.com\/se\/wp-json\/wp\/v2\/media\/51589"}],"wp:attachment":[{"href":"https:\/\/www.europesays.com\/se\/wp-json\/wp\/v2\/media?parent=51588"}],"wp:term":[{"taxonomy":"category","embeddable":true,"href":"https:\/\/www.europesays.com\/se\/wp-json\/wp\/v2\/categories?post=51588"},{"taxonomy":"post_tag","embeddable":true,"href":"https:\/\/www.europesays.com\/se\/wp-json\/wp\/v2\/tags?post=51588"}],"curies":[{"name":"wp","href":"https:\/\/api.w.org\/{rel}","templated":true}]}}