{"id":51590,"date":"2025-10-09T17:42:07","date_gmt":"2025-10-09T17:42:07","guid":{"rendered":"https:\/\/www.europesays.com\/se\/51590\/"},"modified":"2025-10-09T17:42:07","modified_gmt":"2025-10-09T17:42:07","slug":"biancas-karleksbesked-dejtar-ny-man","status":"publish","type":"post","link":"https:\/\/www.europesays.com\/se\/51590\/","title":{"rendered":"Biancas k\u00e4rleksbesked: Dejtar ny man"},"content":{"rendered":"<p>Publicerad 9 okt 2025 kl 19.30<\/p>\n<p>Nu avsl\u00f6jar Caia-grundaren att hon dejtar n\u00e5gon.\u00a0<\/p>\n<p>\u2013 Vi \u00e5ker p\u00e5 massa \u00e4ventyr, s\u00e4ger Bianca Ingrosso i en <a href=\"https:\/\/www.youtube.com\/watch?v=DpehOAMG-9g\" rel=\"nofollow noopener\" target=\"_blank\">vlogg. <\/a>\u00a0<\/p>\n<p>Och i den nya l\u00e4genheten finns en garderob till hennes blivande man.\u00a0<\/p>\n<p><img loading=\"lazy\"   alt=\"\"\/><\/p>\n<p>Bianca Ingrosso ber\u00e4ttar att hon dejtar n\u00e5gon.<\/p>\n<p>Foto: PATRIK C \u00d6STERBERG \/ STELLA PICTURES<\/p>\n<p>\u00d6ppna bild i helsk\u00e4rm<img loading=\"lazy\"   alt=\"\"\/><\/p>\n<p>I vloggen ber\u00e4ttar hon ocks\u00e5 om sin dr\u00f6m om barn.<\/p>\n<p>Foto: Youtube<\/p>\n<p>\u00d6ppna bild i helsk\u00e4rm<\/p>\n<p>I nya s\u00e4songen av \u201dWahlgrens v\u00e4rld\u201d ber\u00e4ttar Bianca Ingrosso att hon har blivit dumpad.\u00a0<\/p>\n<p>Men i en fr\u00e5gestund p\u00e5 vlogg Youtube ber\u00e4ttar entrepren\u00f6ren att hon nu dejtar n\u00e5gon igen.\u00a0<\/p>\n<p>\u2013 Hur kan jag tycka att den h\u00e4r fr\u00e5gan fortfarande \u00e4r s\u00e5 stel? Jo men jag tr\u00e4ffar n\u00e5gon, ni som ser nya s\u00e4songen av \u201dWahlgrens v\u00e4rld\u201d vet ocks\u00e5 att jag tr\u00e4ffat n\u00e5gon och avslutat det. Och nu tr\u00e4ffar jag n\u00e5gon, absolut, s\u00e4ger hon i videon.\u00a0<\/p>\n<p>Ingrosso f\u00e5r \u00e4ven fr\u00e5gan om hon vill bli gravid igen.\u00a0<\/p>\n<p>\u2013 Jag har varit gravid n\u00e5gra g\u00e5nger, jag har tydligen s\u00e5 l\u00e4tt f\u00f6r att bli gravid. Tittar jag p\u00e5 en snopp s\u00e5 boff, d\u00e5 blir jag gravid. Det klart jag vill bli gravid. Och jag vill f\u00e5 barn och jag vill bli mamma och jag vill ha gravidmage och jag vill ha amningshj\u00e4rna, jag vill ha allt, s\u00e4ger Ingrosso och forts\u00e4tter:\u00a0<\/p>\n<p>\u2013 Men jag vill inte skaffa barn med n\u00e5gon jag inte kan t\u00e4nka mig att skilja mig fr\u00e5n. Med det sagt s\u00e5 vill jag ha en bra relation utan massa tjafs f\u00f6r sannolikheten \u00e4r i dag att man skiljer sig.\u00a0<\/p>\n<p>\u201dNu \u00e4r hon med sin dude\u201d<\/p>\n<p>N\u00e4r Bianca Ingrosso vill ha barn \u00e4r dock oklart.\u00a0<\/p>\n<p>\u2013\u00a0Jag tror aldrig att jag kommer att k\u00e4nna att jag \u00e4r redo, men jag k\u00e4nner att jag \u00e4r f\u00f6dd till att bli en mamma. Att hela mitt motto i 28 \u00e5r var: \u201dKommer den h\u00e4r situationen eller resan g\u00f6ra mig till en b\u00e4ttre mamma?\u201d D\u00e5 tackade jag ja till alla de h\u00e4r grejerna.\u00a0<\/p>\n<p>Men nu vill hon i st\u00e4llet leva livet och uppleva nya saker.\u00a0<\/p>\n<p>Den nya killen hj\u00e4lper henne med det.<\/p>\n<p>\u00a0\u2013 Vi \u00e5ker p\u00e5 massa \u00e4ventyr. Varje g\u00e5ng jag reser s\u00e5 kan ni t\u00e4nka: \u201dOj nu \u00e4r hon med sin dude\u201d, s\u00e4ger Ingrosso p\u00e5 Youtube.\u00a0<\/p>\n","protected":false},"excerpt":{"rendered":"Publicerad 9 okt 2025 kl 19.30 Nu avsl\u00f6jar Caia-grundaren att hon dejtar n\u00e5gon.\u00a0 \u2013 Vi \u00e5ker p\u00e5 massa&hellip;\n","protected":false},"author":2,"featured_media":51591,"comment_status":"","ping_status":"","sticky":false,"template":"","format":"standard","meta":{"footnotes":""},"categories":[67],"tags":[104,34,31,33,32,30,428,310,547,105],"class_list":{"0":"post-51590","1":"post","2":"type-post","3":"status-publish","4":"format-standard","5":"has-post-thumbnail","7":"category-underhallning","8":"tag-entertainment","9":"tag-se","10":"tag-svenska","11":"tag-sverige","12":"tag-sweden","13":"tag-swedish","14":"tag-topic-influencers","15":"tag-topic-kandisar","16":"tag-topic-karlek-relationer","17":"tag-underhallning"},"share_on_mastodon":{"url":"","error":""},"_links":{"self":[{"href":"https:\/\/www.europesays.com\/se\/wp-json\/wp\/v2\/posts\/51590","targetHints":{"allow":["GET"]}}],"collection":[{"href":"https:\/\/www.europesays.com\/se\/wp-json\/wp\/v2\/posts"}],"about":[{"href":"https:\/\/www.europesays.com\/se\/wp-json\/wp\/v2\/types\/post"}],"author":[{"embeddable":true,"href":"https:\/\/www.europesays.com\/se\/wp-json\/wp\/v2\/users\/2"}],"replies":[{"embeddable":true,"href":"https:\/\/www.europesays.com\/se\/wp-json\/wp\/v2\/comments?post=51590"}],"version-history":[{"count":0,"href":"https:\/\/www.europesays.com\/se\/wp-json\/wp\/v2\/posts\/51590\/revisions"}],"wp:featuredmedia":[{"embeddable":true,"href":"https:\/\/www.europesays.com\/se\/wp-json\/wp\/v2\/media\/51591"}],"wp:attachment":[{"href":"https:\/\/www.europesays.com\/se\/wp-json\/wp\/v2\/media?parent=51590"}],"wp:term":[{"taxonomy":"category","embeddable":true,"href":"https:\/\/www.europesays.com\/se\/wp-json\/wp\/v2\/categories?post=51590"},{"taxonomy":"post_tag","embeddable":true,"href":"https:\/\/www.europesays.com\/se\/wp-json\/wp\/v2\/tags?post=51590"}],"curies":[{"name":"wp","href":"https:\/\/api.w.org\/{rel}","templated":true}]}}