{"id":51594,"date":"2025-10-09T17:47:32","date_gmt":"2025-10-09T17:47:32","guid":{"rendered":"https:\/\/www.europesays.com\/se\/51594\/"},"modified":"2025-10-09T17:47:32","modified_gmt":"2025-10-09T17:47:32","slug":"pfas-minskar-i-stora-svenska-sjoar","status":"publish","type":"post","link":"https:\/\/www.europesays.com\/se\/51594\/","title":{"rendered":"PFAS minskar i stora svenska sj\u00f6ar"},"content":{"rendered":"<p>Tidigare f\u00f6rbud mot vissa PFAS-\u00e4mnen har haft effekt, visar en ny studie. Halterna har minskat i V\u00e4nern, V\u00e4ttern och M\u00e4laren. Men trots f\u00f6rb\u00e4ttringen skulle fisk fr\u00e5n alla tre sj\u00f6arna fortfarande \u00f6verskrida de sk\u00e4rpta gr\u00e4nsv\u00e4rden som nu diskuteras inom EU.<\/p>\n<p>PFAS \u00e4r milj\u00f6gifter som inneh\u00e5ller fluor och kallas ofta f\u00f6r evighetskemikalier. De bryts ner extremt l\u00e5ngsamt och samlas d\u00e4rf\u00f6r i naturen, djur och m\u00e4nniskor under l\u00e5ng tid. De mest k\u00e4nda \u00e4mnena inom gruppen \u00e4r numera f\u00f6rbjudna internationellt \u2013 n\u00e5got som nu m\u00e4rks i milj\u00f6n.<\/p>\n<p>En studie fr\u00e5n Naturhistoriska riksmuseet visar att PFAS-halterna i stora svenska sj\u00f6ar generellt har minskat. I V\u00e4nern och M\u00e4laren har niv\u00e5erna sjunkit sedan tidigt 2000-tal, och i V\u00e4ttern sedan 2008. <\/p>\n<p>F\u00f6rbud har haft effekt<\/p>\n<p>I V\u00e4ttern ligger dock halten av PFOS \u2013 ett av de f\u00f6rbjudna PFAS-\u00e4mnena \u2013 fortfarande \u00f6ver gr\u00e4nsv\u00e4rdet i EU:s vattendirektiv. Det beror till stor del p\u00e5 sj\u00f6ns l\u00e5ngsamma oms\u00e4ttning av vatten, vilket g\u00f6r att kemikalierna stannar kvar l\u00e4ngre.<\/p>\n<p>Forskarna har analyserat PFAS i fisk, bland annat med prover fr\u00e5n museets milj\u00f6provbank. Detta har  gjort det m\u00f6jligt att f\u00f6lja utvecklingen tillbaka till 1970-talet.<\/p>\n<p>\u2212 V\u00e5ra resultat visar att \u00e5tg\u00e4rder och f\u00f6rbud har haft effekt, men ocks\u00e5 att problemet med PFAS \u00e4r l\u00e5ngt ifr\u00e5n l\u00f6st, s\u00e4ger Suzanne Faxneld, forskare p\u00e5 enheten f\u00f6r milj\u00f6analys och forskning vid Naturhistoriska riksmuseet, i ett pressmeddelande.<\/p>\n<p>Tuffare gr\u00e4nsv\u00e4rden<\/p>\n<p>Samtidigt diskuteras nu betydligt striktare gr\u00e4nsv\u00e4rden f\u00f6r PFAS inom EU. Enligt studien skulle fisk fr\u00e5n samtliga tre sj\u00f6ar d\u00e5 hamna klart \u00f6ver de f\u00f6reslagna nya niv\u00e5erna \u2013 troligen g\u00e4ller detta f\u00f6r de flesta svenska vatten. Forskarna lyfter d\u00e4rf\u00f6r fram vikten av att redan nu b\u00f6rja anpassa sig till ett tuffare regelverk.<\/p>\n<p>\u2212 Det \u00e4r ocks\u00e5 v\u00e4ldigt viktigt att f\u00f6rhindra att de h\u00e4r \u00e4mnena \u00f6ver huvud taget hamnar i milj\u00f6n, till exempel genom att reglera PFAS, sanera f\u00f6rorenade omr\u00e5den och forts\u00e4tta arbetet med k\u00e4llsp\u00e5rning f\u00f6r att hitta \u00e4ldre lokala utsl\u00e4ppsplatser, s\u00e4ger Suzanne Faxneld. <\/p>\n<p>Studien har utf\u00f6rts p\u00e5 uppdrag av Vattenv\u00e5rdsf\u00f6rbunden i V\u00e4nern, V\u00e4ttern och M\u00e4laren.<\/p>\n<p>Rapport: <\/p>\n<p><a href=\"https:\/\/vattern.org\/wp-content\/uploads\/Rapport165-RetrospektivaStudierPFASFisk_StoraSjoarna.pdf\" rel=\"nofollow noopener\" target=\"_blank\">Retrospektiva studier av PFAS i fisk i de tre stora sj\u00f6arna<\/a><\/p>\n","protected":false},"excerpt":{"rendered":"Tidigare f\u00f6rbud mot vissa PFAS-\u00e4mnen har haft effekt, visar en ny studie. Halterna har minskat i V\u00e4nern, V\u00e4ttern&hellip;\n","protected":false},"author":2,"featured_media":51595,"comment_status":"","ping_status":"","sticky":false,"template":"","format":"standard","meta":{"footnotes":""},"categories":[5],"tags":[22,23,26,27,17,21,24,25,28,29,15,505,16,18,34,31,33,32,30,19,20],"class_list":{"0":"post-51594","1":"post","2":"type-post","3":"status-publish","4":"format-standard","5":"has-post-thumbnail","7":"category-rubriker","8":"tag-breaking-news","9":"tag-breakingnews","10":"tag-featured-news","11":"tag-featurednews","12":"tag-headlines","13":"tag-huvudnyheter","14":"tag-latest-news","15":"tag-latestnews","16":"tag-main-news","17":"tag-mainnews","18":"tag-news","19":"tag-nyhet","20":"tag-nyheter","21":"tag-rubriker","22":"tag-se","23":"tag-svenska","24":"tag-sverige","25":"tag-sweden","26":"tag-swedish","27":"tag-top-stories","28":"tag-topstories"},"share_on_mastodon":{"url":"","error":""},"_links":{"self":[{"href":"https:\/\/www.europesays.com\/se\/wp-json\/wp\/v2\/posts\/51594","targetHints":{"allow":["GET"]}}],"collection":[{"href":"https:\/\/www.europesays.com\/se\/wp-json\/wp\/v2\/posts"}],"about":[{"href":"https:\/\/www.europesays.com\/se\/wp-json\/wp\/v2\/types\/post"}],"author":[{"embeddable":true,"href":"https:\/\/www.europesays.com\/se\/wp-json\/wp\/v2\/users\/2"}],"replies":[{"embeddable":true,"href":"https:\/\/www.europesays.com\/se\/wp-json\/wp\/v2\/comments?post=51594"}],"version-history":[{"count":0,"href":"https:\/\/www.europesays.com\/se\/wp-json\/wp\/v2\/posts\/51594\/revisions"}],"wp:featuredmedia":[{"embeddable":true,"href":"https:\/\/www.europesays.com\/se\/wp-json\/wp\/v2\/media\/51595"}],"wp:attachment":[{"href":"https:\/\/www.europesays.com\/se\/wp-json\/wp\/v2\/media?parent=51594"}],"wp:term":[{"taxonomy":"category","embeddable":true,"href":"https:\/\/www.europesays.com\/se\/wp-json\/wp\/v2\/categories?post=51594"},{"taxonomy":"post_tag","embeddable":true,"href":"https:\/\/www.europesays.com\/se\/wp-json\/wp\/v2\/tags?post=51594"}],"curies":[{"name":"wp","href":"https:\/\/api.w.org\/{rel}","templated":true}]}}