{"id":51681,"date":"2025-10-09T20:29:01","date_gmt":"2025-10-09T20:29:01","guid":{"rendered":"https:\/\/www.europesays.com\/se\/51681\/"},"modified":"2025-10-09T20:29:01","modified_gmt":"2025-10-09T20:29:01","slug":"tidigare-svt-profil-misstanks-for-grova-valdtakter","status":"publish","type":"post","link":"https:\/\/www.europesays.com\/se\/51681\/","title":{"rendered":"Tidigare SVT-profil misst\u00e4nks f\u00f6r grova v\u00e5ldt\u00e4kter"},"content":{"rendered":"<p>En tidigare SVT-profil misst\u00e4nks f\u00f6r tre grova v\u00e5ldt\u00e4kter och f\u00f6rs\u00f6k till grov v\u00e5ldt\u00e4kt, rapporterar Expressen. Alla misstankarna r\u00f6r olika m\u00e5ls\u00e4gande, enligt \u00e5klagaren. <\/p>\n<p>Mannen har enligt tidningen synts i rutan i barnrelaterade sammanhang. Han greps misst\u00e4nkt f\u00f6r den f\u00f6rsta v\u00e5ldt\u00e4kten i juni i \u00e5r och sedan dess har utredningen vuxit. <\/p>\n<p>\u2013 Min klient f\u00f6rnekar best\u00e4mt att han gjort sig skyldig till de brott han misst\u00e4nks f\u00f6r, s\u00e4ger mannens advokat Behrang Eslami.<\/p>\n<p>Omni \u00e4r politiskt obundna och oberoende. Vi str\u00e4var efter att ge fler perspektiv p\u00e5 nyheterna. Har du fr\u00e5gor eller synpunkter kring v\u00e5r rapportering? <a href=\"https:\/\/omni.se\/tidigare-svt-profil-misstanks-for-grova-valdtakter\/a\/mailto:redaktion@omni.se\" class=\"ArticleActions_contactLink__W2F1M\" rel=\"nofollow noopener\" target=\"_blank\">Kontakta redaktionen<\/a><\/p>\n","protected":false},"excerpt":{"rendered":"En tidigare SVT-profil misst\u00e4nks f\u00f6r tre grova v\u00e5ldt\u00e4kter och f\u00f6rs\u00f6k till grov v\u00e5ldt\u00e4kt, rapporterar Expressen. Alla misstankarna r\u00f6r&hellip;\n","protected":false},"author":2,"featured_media":51682,"comment_status":"","ping_status":"","sticky":false,"template":"","format":"standard","meta":{"footnotes":""},"categories":[5],"tags":[223,22,23,128,26,27,17,21,24,25,28,29,732,15,16,18,34,31,33,587,586,32,30,19,20],"class_list":{"0":"post-51681","1":"post","2":"type-post","3":"status-publish","4":"format-standard","5":"has-post-thumbnail","7":"category-rubriker","8":"tag-barn-unga","9":"tag-breaking-news","10":"tag-breakingnews","11":"tag-brott","12":"tag-featured-news","13":"tag-featurednews","14":"tag-headlines","15":"tag-huvudnyheter","16":"tag-latest-news","17":"tag-latestnews","18":"tag-main-news","19":"tag-mainnews","20":"tag-media-reklam","21":"tag-news","22":"tag-nyheter","23":"tag-rubriker","24":"tag-se","25":"tag-svenska","26":"tag-sverige","27":"tag-sveriges-television","28":"tag-svt","29":"tag-sweden","30":"tag-swedish","31":"tag-top-stories","32":"tag-topstories"},"share_on_mastodon":{"url":"","error":""},"_links":{"self":[{"href":"https:\/\/www.europesays.com\/se\/wp-json\/wp\/v2\/posts\/51681","targetHints":{"allow":["GET"]}}],"collection":[{"href":"https:\/\/www.europesays.com\/se\/wp-json\/wp\/v2\/posts"}],"about":[{"href":"https:\/\/www.europesays.com\/se\/wp-json\/wp\/v2\/types\/post"}],"author":[{"embeddable":true,"href":"https:\/\/www.europesays.com\/se\/wp-json\/wp\/v2\/users\/2"}],"replies":[{"embeddable":true,"href":"https:\/\/www.europesays.com\/se\/wp-json\/wp\/v2\/comments?post=51681"}],"version-history":[{"count":0,"href":"https:\/\/www.europesays.com\/se\/wp-json\/wp\/v2\/posts\/51681\/revisions"}],"wp:featuredmedia":[{"embeddable":true,"href":"https:\/\/www.europesays.com\/se\/wp-json\/wp\/v2\/media\/51682"}],"wp:attachment":[{"href":"https:\/\/www.europesays.com\/se\/wp-json\/wp\/v2\/media?parent=51681"}],"wp:term":[{"taxonomy":"category","embeddable":true,"href":"https:\/\/www.europesays.com\/se\/wp-json\/wp\/v2\/categories?post=51681"},{"taxonomy":"post_tag","embeddable":true,"href":"https:\/\/www.europesays.com\/se\/wp-json\/wp\/v2\/tags?post=51681"}],"curies":[{"name":"wp","href":"https:\/\/api.w.org\/{rel}","templated":true}]}}