{"id":51718,"date":"2025-10-09T21:17:09","date_gmt":"2025-10-09T21:17:09","guid":{"rendered":"https:\/\/www.europesays.com\/se\/51718\/"},"modified":"2025-10-09T21:17:09","modified_gmt":"2025-10-09T21:17:09","slug":"leon-bristedt-far-matchstraff-igen-i-shl-alldeles-for-hart","status":"publish","type":"post","link":"https:\/\/www.europesays.com\/se\/51718\/","title":{"rendered":"Leon Bristedt f\u00e5r matchstraff igen i SHL: &#8221;Alldeles f\u00f6r h\u00e5rt&#8221;"},"content":{"rendered":"<p><strong><a href=\"https:\/\/hockeysverige.se\/spelare\/leon-bristedt\/\" rel=\"nofollow noopener\" target=\"_blank\">Leon Bristedt<\/a> f\u00e5r matchstraff f\u00f6r andra g\u00e5ngen den h\u00e4r s\u00e4songen. <br \/>Detta efter en h\u00f6g klubba p\u00e5 V\u00e4xj\u00f6s Hugo Gustafsson som klev av. <\/strong><br \/><strong>\u2013 Det \u00e4r alldeles f\u00f6r h\u00e5rt, det \u00e4r f\u00f6r d\u00e5ligt, s\u00e4ger TV4-experten Almen Bibic om domslutet.<\/strong><\/p>\n<p><img loading=\"lazy\" decoding=\"async\" width=\"1024\" height=\"658\" src=\"https:\/\/www.europesays.com\/se\/wp-content\/uploads\/2025\/10\/Leon-Bristedt-matchstraff-hog-klubba-2-1024x658.webp.webp\" alt=\"Leon Bristedt matchstraff Hugo Gustafsson.\" class=\"wp-image-311666\"  \/>Leon Bristedt visas ut f\u00f6r en h\u00f6g klubba i ansiktet p\u00e5 Hugo Gustafsson. <strong>Foto: <\/strong>Niclas J\u00f6nsson\/Bildbyr\u00e5n &amp; TV4\/Sk\u00e4rmdump<\/p>\n<p>I SHL-s\u00e4songens andra omg\u00e5ng, n\u00e4r <a href=\"https:\/\/hockeysverige.se\/klubb\/rogle-bk\/\" rel=\"nofollow noopener\" target=\"_blank\">R\u00f6gle<\/a> m\u00f6tte Skellefte\u00e5, fick Leon Bristedt matchstraff f\u00f6r en spearing p\u00e5 P\u00e4r Lindholm. F\u00f6reteelsen ledde ocks\u00e5 till en tv\u00e5 matchers l\u00e5ng avst\u00e4ngning f\u00f6r R\u00f6gle-stj\u00e4rnan. <\/p>\n<p>Nu visades Bristedt ut med ett matchstraff f\u00f6r andra g\u00e5ngen den h\u00e4r s\u00e4songen. I mitten av andra perioden mot kv\u00e4llens match mot <a href=\"https:\/\/hockeysverige.se\/klubb\/vaxjo-lakers\/\" rel=\"nofollow noopener\" target=\"_blank\">V\u00e4xj\u00f6<\/a> g\u00e5r Bristedts klubba upp i ansiktet p\u00e5 V\u00e4xj\u00f6s Hugo Gustafsson. Klubban tar illa och Gustafsson b\u00f6rjar bl\u00f6da kraftigt fr\u00e5n ansiktet och leds snabbt av isen f\u00f6r att g\u00e5 ut till omkl\u00e4dningsrummet. Domarna hade en femma p\u00e5 armen f\u00f6r Bristedt och efter videogranskning fastst\u00e4lldes domslutet, matchstraff f\u00f6r h\u00f6g klubba. <\/p>\n<p>\u2013 Aj, aj, aj. Den tog illa. Det d\u00e4r s\u00e5g illa ut. Bara att h\u00e5lla tummarna att det gick bra f\u00f6r det s\u00e5g ot\u00e4ckt ut, s\u00e4ger TV4:s kommentator Patrik Westberg i s\u00e4ndningen.<\/p>\n<p>Domaren Marcus Linde f\u00f6rklarar sedan hur domarna t\u00e4nkte vid beslutet.<\/p>\n<p>\u2013 Det \u00e4r ganska enkelt att se att klubban far upp i ansiktet och det kommer blod ganska direkt. Att vi g\u00e5r p\u00e5 det st\u00f6rre straffet h\u00e4r beror p\u00e5 att handlingen \u00e4r v\u00e5rdsl\u00f6s och n\u00e5got likgiltigt inf\u00f6r konsekvenserna inf\u00f6r att sl\u00e4nga upp klubban s\u00e5 d\u00e4r, s\u00e4ger Linde till TV4. <\/p>\n<p>Experten s\u00e5gar domslutet: \u201dAlldeles f\u00f6r h\u00e5rt\u201d<\/p>\n<p>TV4:s expert Almen Bibic h\u00e5ller d\u00e4remot inte med om bed\u00f6mningen. <\/p>\n<p>\u2013 Det h\u00e4r \u00e4r en kamp om pucken och vill haka upp klubban. Det finns ingen intention att g\u00e5 mot ansiktet, f\u00f6r mig \u00e4r det en olycksh\u00e4ndelse. Om vi ska dela ut matchstraff f\u00f6r de h\u00e4r h\u00f6ga klubbarna, d\u00e5 kommer vi att ha m\u00e5nga matchstraff h\u00e4danefter. Det \u00e4r alldeles f\u00f6r h\u00e5rt, det \u00e4r f\u00f6r d\u00e5ligt, s\u00e4ger Bibic. <\/p>\n<p>St\u00e4llningen var 2-0 till R\u00f6gle n\u00e4r Bristedts visades ut. I det efterf\u00f6ljande powerplay-spelet kunde V\u00e4xj\u00f6 reducera genom lagkaptenen Joel Persson. I periodens slut, efter utvisningens slut, kunde V\u00e4xj\u00f6 ocks\u00e5 kvittera till 2-2 genom Brian Cooper. <\/p>\n<p>I tredje perioden reste sig sedan R\u00f6gle och \u00e5tertog ledningen n\u00e4r Fredrik Olofsson satte 3-2 i powerplay. Albin Sundsvik kunde sedan ut\u00f6ka till 4-2 bara minuten senare f\u00f6r att s\u00e4tta hemmalaget i en v\u00e4ldigt trygg situation. I slutminuterna punkterade R\u00f6gle \u00e4ven tillst\u00e4llningen genom Lubos Hork\u00fd med sitt 5-2-m\u00e5l. R\u00f6gle vann sedan matchen med 5-3 f\u00f6r att ta sin femte seger i rad och h\u00e4nga med i toppen av SHL-tabellen. Sk\u00e5ningarna \u00e4r just nu tv\u00e5a, tv\u00e5 po\u00e4ng bakom serieledande Fr\u00f6lunda. <\/p>\n<p><strong>R\u00f6gle \u2013 V\u00e4xj\u00f6 5\u20133 (1-0,1-2,3-1)<\/strong><\/p>\n<p><strong>R\u00f6gle:<\/strong> Simon Zether, Isac Solberg, Fredrik Olofsson, Albin Sundsvik, Lubos Hork\u00fd. <br \/><strong>V\u00e4xj\u00f6:<\/strong> Joel Persson, Brian Cooper, Dennis Rasmussen. <\/p>\n","protected":false},"excerpt":{"rendered":"Leon Bristedt f\u00e5r matchstraff f\u00f6r andra g\u00e5ngen den h\u00e4r s\u00e4songen. Detta efter en h\u00f6g klubba p\u00e5 V\u00e4xj\u00f6s Hugo&hellip;\n","protected":false},"author":2,"featured_media":51719,"comment_status":"","ping_status":"","sticky":false,"template":"","format":"standard","meta":{"footnotes":""},"categories":[5],"tags":[22,23,26,27,17,21,24,25,28,29,15,16,18,34,133,134,31,33,32,30,19,20],"class_list":{"0":"post-51718","1":"post","2":"type-post","3":"status-publish","4":"format-standard","5":"has-post-thumbnail","7":"category-rubriker","8":"tag-breaking-news","9":"tag-breakingnews","10":"tag-featured-news","11":"tag-featurednews","12":"tag-headlines","13":"tag-huvudnyheter","14":"tag-latest-news","15":"tag-latestnews","16":"tag-main-news","17":"tag-mainnews","18":"tag-news","19":"tag-nyheter","20":"tag-rubriker","21":"tag-se","22":"tag-second-news","23":"tag-shl","24":"tag-svenska","25":"tag-sverige","26":"tag-sweden","27":"tag-swedish","28":"tag-top-stories","29":"tag-topstories"},"share_on_mastodon":{"url":"","error":""},"_links":{"self":[{"href":"https:\/\/www.europesays.com\/se\/wp-json\/wp\/v2\/posts\/51718","targetHints":{"allow":["GET"]}}],"collection":[{"href":"https:\/\/www.europesays.com\/se\/wp-json\/wp\/v2\/posts"}],"about":[{"href":"https:\/\/www.europesays.com\/se\/wp-json\/wp\/v2\/types\/post"}],"author":[{"embeddable":true,"href":"https:\/\/www.europesays.com\/se\/wp-json\/wp\/v2\/users\/2"}],"replies":[{"embeddable":true,"href":"https:\/\/www.europesays.com\/se\/wp-json\/wp\/v2\/comments?post=51718"}],"version-history":[{"count":0,"href":"https:\/\/www.europesays.com\/se\/wp-json\/wp\/v2\/posts\/51718\/revisions"}],"wp:featuredmedia":[{"embeddable":true,"href":"https:\/\/www.europesays.com\/se\/wp-json\/wp\/v2\/media\/51719"}],"wp:attachment":[{"href":"https:\/\/www.europesays.com\/se\/wp-json\/wp\/v2\/media?parent=51718"}],"wp:term":[{"taxonomy":"category","embeddable":true,"href":"https:\/\/www.europesays.com\/se\/wp-json\/wp\/v2\/categories?post=51718"},{"taxonomy":"post_tag","embeddable":true,"href":"https:\/\/www.europesays.com\/se\/wp-json\/wp\/v2\/tags?post=51718"}],"curies":[{"name":"wp","href":"https:\/\/api.w.org\/{rel}","templated":true}]}}