{"id":51754,"date":"2025-10-09T21:57:23","date_gmt":"2025-10-09T21:57:23","guid":{"rendered":"https:\/\/www.europesays.com\/se\/51754\/"},"modified":"2025-10-09T21:57:23","modified_gmt":"2025-10-09T21:57:23","slug":"osterrike-krossade-san-marino-arnautovic-historisk-fotboll","status":"publish","type":"post","link":"https:\/\/www.europesays.com\/se\/51754\/","title":{"rendered":"\u00d6sterrike krossade San Marino \u2013 Arnautovic historisk | Fotboll"},"content":{"rendered":"<p>Publicerad 9 okt 2025 kl 22.50Uppdaterad kl 23.50<\/p>\n<p>\u00d6sterrike demolerade San Marino i VM-kvalet.\u00a0<\/p>\n<p>Samtidigt passade Marko Arnautovi\u0107 p\u00e5 att skriva historia.\u00a0<\/p>\n<p>36-\u00e5ringen \u00e4r nu landets b\u00e4ste m\u00e5lskytt genom tiderna.\u00a0<\/p>\n<p>Isaks pik mot Tomasson: \u201dHan ger bort f\u00f6r mycket\u201d<img   alt=\"\"\/> <\/p>\n<p>Foto: MATIC KLANSEK \/ BILDBYR\u00c5N<\/p>\n<p>\u00d6ppna bild i helsk\u00e4rm<\/p>\n<p>Det blev en s\u00e5 kallad promenadseger f\u00f6r \u00d6sterrike i VM-kvalmatchen mot San Marino.\u00a0<\/p>\n<p>Redan efter sju minuter hade de gjort sitt f\u00f6rsta m\u00e5l f\u00f6r kv\u00e4llen och efter det bara regnade fulltr\u00e4ffarna in.\u00a0<\/p>\n<p>Efter 90 minuter kunder \u00d6sterrike fira en 10\u20130-seger efter att ha fullst\u00e4ndigt demolerat sitt motst\u00e5nd.\u00a0<\/p>\n<p>Fyra av m\u00e5len kom fr\u00e5n landets stora anfallsstj\u00e4rna Marko Arnautovi\u0107 som dessutom passade p\u00e5 att skriva historia. Nu har han gjort 45 m\u00e5l i landslaget och \u00e4r d\u00e4rmed b\u00e4st genom tiderna i \u00d6sterrike. Han passerade den tidigare rekordinnehavaren Toni Polster som gjorde 44 under karri\u00e4ren.\u00a0<\/p>\n<p>Den tidigare rekordinnehavaren var inte imponerad av motst\u00e5ndet.\u00a0<\/p>\n<p>\u2013 Det h\u00e4r \u00e4r ett lag med pizzabagare, inte ett landslag. De har ingen plats p\u00e5 den internationella scenen, s\u00e4ger Polster enligt \u00f6sterrikiska tidningen Kronen Zeitung.\u00a0<\/p>\n<p>St\u00f6rsta segern genom tiderna<\/p>\n<p>Segern var ocks\u00e5 det \u00f6sterrikiska landslagets st\u00f6rsta genom tiderna. Tidigare var 9\u20130-segern mot Malta 1977 den st\u00f6rsta segermarginalen.\u00a0<\/p>\n<p>\u00d6sterrike leder sin grupp efter fem spelade matcher med femton po\u00e4ng. Tv\u00e5 po\u00e4ng f\u00f6re Bosnien-Hercegovina som kryssade mot Cypern efter att AIK-bekantingen Ioannis Pittas kvitterat till 2\u20132 p\u00e5 stopptid.\u00a0<\/p>\n","protected":false},"excerpt":{"rendered":"Publicerad 9 okt 2025 kl 22.50Uppdaterad kl 23.50 \u00d6sterrike demolerade San Marino i VM-kvalet.\u00a0 Samtidigt passade Marko Arnautovi\u0107&hellip;\n","protected":false},"author":2,"featured_media":51755,"comment_status":"","ping_status":"","sticky":false,"template":"","format":"standard","meta":{"footnotes":""},"categories":[5],"tags":[22,23,26,27,17,21,24,25,28,29,15,16,18,34,129,31,33,32,30,19,20],"class_list":{"0":"post-51754","1":"post","2":"type-post","3":"status-publish","4":"format-standard","5":"has-post-thumbnail","7":"category-rubriker","8":"tag-breaking-news","9":"tag-breakingnews","10":"tag-featured-news","11":"tag-featurednews","12":"tag-headlines","13":"tag-huvudnyheter","14":"tag-latest-news","15":"tag-latestnews","16":"tag-main-news","17":"tag-mainnews","18":"tag-news","19":"tag-nyheter","20":"tag-rubriker","21":"tag-se","22":"tag-sections-fotboll","23":"tag-svenska","24":"tag-sverige","25":"tag-sweden","26":"tag-swedish","27":"tag-top-stories","28":"tag-topstories"},"share_on_mastodon":{"url":"","error":""},"_links":{"self":[{"href":"https:\/\/www.europesays.com\/se\/wp-json\/wp\/v2\/posts\/51754","targetHints":{"allow":["GET"]}}],"collection":[{"href":"https:\/\/www.europesays.com\/se\/wp-json\/wp\/v2\/posts"}],"about":[{"href":"https:\/\/www.europesays.com\/se\/wp-json\/wp\/v2\/types\/post"}],"author":[{"embeddable":true,"href":"https:\/\/www.europesays.com\/se\/wp-json\/wp\/v2\/users\/2"}],"replies":[{"embeddable":true,"href":"https:\/\/www.europesays.com\/se\/wp-json\/wp\/v2\/comments?post=51754"}],"version-history":[{"count":0,"href":"https:\/\/www.europesays.com\/se\/wp-json\/wp\/v2\/posts\/51754\/revisions"}],"wp:featuredmedia":[{"embeddable":true,"href":"https:\/\/www.europesays.com\/se\/wp-json\/wp\/v2\/media\/51755"}],"wp:attachment":[{"href":"https:\/\/www.europesays.com\/se\/wp-json\/wp\/v2\/media?parent=51754"}],"wp:term":[{"taxonomy":"category","embeddable":true,"href":"https:\/\/www.europesays.com\/se\/wp-json\/wp\/v2\/categories?post=51754"},{"taxonomy":"post_tag","embeddable":true,"href":"https:\/\/www.europesays.com\/se\/wp-json\/wp\/v2\/tags?post=51754"}],"curies":[{"name":"wp","href":"https:\/\/api.w.org\/{rel}","templated":true}]}}