{"id":51788,"date":"2025-10-09T22:59:15","date_gmt":"2025-10-09T22:59:15","guid":{"rendered":"https:\/\/www.europesays.com\/se\/51788\/"},"modified":"2025-10-09T22:59:15","modified_gmt":"2025-10-09T22:59:15","slug":"backen-tillbaka-fran-skada-gor-sasongsdebut-for-rogle","status":"publish","type":"post","link":"https:\/\/www.europesays.com\/se\/51788\/","title":{"rendered":"Backen tillbaka fr\u00e5n skada \u2013 g\u00f6r s\u00e4songsdebut f\u00f6r R\u00f6gle"},"content":{"rendered":"<p><strong>Filip Johansson \u00e4r \u00e4ntligen tillbaka f\u00f6r <a href=\"https:\/\/hockeysverige.se\/klubb\/rogle-bk\/\" rel=\"nofollow noopener\" target=\"_blank\">R\u00f6gle BK<\/a>. <br \/>Backen g\u00f6r s\u00e4songsdebut i <a href=\"https:\/\/hockeysverige.se\/shl\/\" rel=\"nofollow noopener\" target=\"_blank\">SHL<\/a> mot V\u00e4xj\u00f6 efter sin skada under f\u00f6rs\u00e4songen. <\/strong><\/p>\n<p><img loading=\"lazy\" decoding=\"async\" width=\"1024\" height=\"658\" src=\"https:\/\/www.europesays.com\/se\/wp-content\/uploads\/2025\/10\/Filip-Johansson-1024x658.webp.webp\" alt=\"Filip Johansson.\" class=\"wp-image-311630\"  \/>Filip Johansson \u00e4r \u00e4ntligen spelklar igen f\u00f6r R\u00f6gle. <strong>Foto: <\/strong>Mathias Bergeld\/Bildbyr\u00e5n<\/p>\n<p>Det var i den sista tr\u00e4ningsmatchen inf\u00f6r SHL-s\u00e4songens start som olyckan var framme f\u00f6r Filip Johansson. N\u00e4r R\u00f6gle m\u00f6tte HV71 borta klev backen av med en skada. De f\u00f6rsta prognoserna uppgav att 25-\u00e5ringen inte skulle bli borta l\u00e4nge men skadan har visat sig vara v\u00e4rre \u00e4n f\u00f6rst befarat. <\/p>\n<p>Johansson har n\u00e4mligen varit borta i \u00f6ver en m\u00e5nad till f\u00f6ljd av skadan i sista f\u00f6rs\u00e4songsmatchen. Men nu \u00e4r backen \u00e4ntligen tillbaka igen f\u00f6r R\u00f6gle. N\u00e4r sk\u00e5ningarna tar emot <a href=\"https:\/\/hockeysverige.se\/klubb\/vaxjo-lakers\/\" rel=\"nofollow noopener\" target=\"_blank\">V\u00e4xj\u00f6 Lakers<\/a> hemma i Catena Arena under torsdagskv\u00e4llen finns Filip Johansson med i laguppst\u00e4llningen f\u00f6r f\u00f6rsta g\u00e5ngen den h\u00e4r SHL-s\u00e4songen. Han \u00e4r uppsatt som sjundeback i R\u00f6gles lineup inf\u00f6r matchen. I \u00f6vrigt saknar R\u00f6gle b\u00e5de Gregor Biber och Linus Sj\u00f6din i kv\u00e4llens tillst\u00e4llning. <\/p>\n<p>F\u00f6rra s\u00e4songen noterades Johansson f\u00f6r \u00e5tta m\u00e5l och 17 po\u00e4ng p\u00e5 51 matcher fr\u00e5n sin backplats. Han blev d\u00e4rmed uttagen och fick g\u00f6ra Tre Kronor-debut under fjol\u00e5ret. Totalt var han med under tre samlingar med landslaget och spelade sex matcher med Tre Kronor. <\/p>\n<p>Flera SHL-spelare g\u00f6r comeback i kv\u00e4ll<\/p>\n<p>Johansson \u00e4r d\u00e4remot inte den enda spelaren som \u00e4r tillbaka fr\u00e5n skada och g\u00f6r comeback under kv\u00e4llens SHL-omg\u00e5ng. \u00c4ven <a href=\"https:\/\/hockeysverige.se\/klubb\/hv71\/\" rel=\"nofollow noopener\" target=\"_blank\">HV71<\/a> f\u00e5r tillbaka en viktig spelare i form av <a href=\"https:\/\/hockeysverige.se\/spelare\/andreas-borgman\/\" rel=\"nofollow noopener\" target=\"_blank\">Andreas Borgman<\/a> som kliver in i laguppst\u00e4llningen igen efter sin skada som kom i SHL-s\u00e4songens andra omg\u00e5ng. Borgman g\u00e5r rakt in i HV:s f\u00f6rsta backpar tillsammans med Olle Alsing till kv\u00e4llens bortamatch mot <a href=\"https:\/\/hockeysverige.se\/klubb\/lulea-hockey\/\" rel=\"nofollow noopener\" target=\"_blank\">Lule\u00e5<\/a>. <\/p>\n<p>Ett annat bottenlag, <a href=\"https:\/\/hockeysverige.se\/klubb\/linkoping-hc\/\" rel=\"nofollow noopener\" target=\"_blank\">Link\u00f6ping<\/a>, f\u00e5r ocks\u00e5 viktig f\u00f6rst\u00e4rkning till sin bortamatch mot <a href=\"https:\/\/hockeysverige.se\/klubb\/leksands-if\/\" rel=\"nofollow noopener\" target=\"_blank\">Leksand<\/a>. <a href=\"https:\/\/hockeysverige.se\/spelare\/remi-elie\/\" rel=\"nofollow noopener\" target=\"_blank\">Remi Elie<\/a> har bara kommit till spel i en match s\u00e5 h\u00e4r l\u00e5ngt och har brottats med skadeproblem hela h\u00f6sten. Men nu \u00e4r kanadensaren tillbaka i laguppst\u00e4llningen och han ers\u00e4tter d\u00e4rmed Jakub Vr\u00e1na rakt av d\u00e5 stj\u00e4rnv\u00e4rvningen saknas med en hj\u00e4rnskakning. <\/p>\n<p> Source: <a href=\"https:\/\/www.eliteprospects.com\/player\/316794\/filip-johansson\" target=\"_blank\" rel=\"noopener noreferrer nofollow\">Filip Johansson<\/a> @ Elite Prospects<\/p>\n","protected":false},"excerpt":{"rendered":"Filip Johansson \u00e4r \u00e4ntligen tillbaka f\u00f6r R\u00f6gle BK. Backen g\u00f6r s\u00e4songsdebut i SHL mot V\u00e4xj\u00f6 efter sin skada&hellip;\n","protected":false},"author":2,"featured_media":51789,"comment_status":"","ping_status":"","sticky":false,"template":"","format":"standard","meta":{"footnotes":""},"categories":[68],"tags":[34,133,134,111,110,31,33,32,30],"class_list":{"0":"post-51788","1":"post","2":"type-post","3":"status-publish","4":"format-standard","5":"has-post-thumbnail","7":"category-sport","8":"tag-se","9":"tag-second-news","10":"tag-shl","11":"tag-sport","12":"tag-sports","13":"tag-svenska","14":"tag-sverige","15":"tag-sweden","16":"tag-swedish"},"share_on_mastodon":{"url":"","error":""},"_links":{"self":[{"href":"https:\/\/www.europesays.com\/se\/wp-json\/wp\/v2\/posts\/51788","targetHints":{"allow":["GET"]}}],"collection":[{"href":"https:\/\/www.europesays.com\/se\/wp-json\/wp\/v2\/posts"}],"about":[{"href":"https:\/\/www.europesays.com\/se\/wp-json\/wp\/v2\/types\/post"}],"author":[{"embeddable":true,"href":"https:\/\/www.europesays.com\/se\/wp-json\/wp\/v2\/users\/2"}],"replies":[{"embeddable":true,"href":"https:\/\/www.europesays.com\/se\/wp-json\/wp\/v2\/comments?post=51788"}],"version-history":[{"count":0,"href":"https:\/\/www.europesays.com\/se\/wp-json\/wp\/v2\/posts\/51788\/revisions"}],"wp:featuredmedia":[{"embeddable":true,"href":"https:\/\/www.europesays.com\/se\/wp-json\/wp\/v2\/media\/51789"}],"wp:attachment":[{"href":"https:\/\/www.europesays.com\/se\/wp-json\/wp\/v2\/media?parent=51788"}],"wp:term":[{"taxonomy":"category","embeddable":true,"href":"https:\/\/www.europesays.com\/se\/wp-json\/wp\/v2\/categories?post=51788"},{"taxonomy":"post_tag","embeddable":true,"href":"https:\/\/www.europesays.com\/se\/wp-json\/wp\/v2\/tags?post=51788"}],"curies":[{"name":"wp","href":"https:\/\/api.w.org\/{rel}","templated":true}]}}