{"id":51807,"date":"2025-10-09T23:48:08","date_gmt":"2025-10-09T23:48:08","guid":{"rendered":"https:\/\/www.europesays.com\/se\/51807\/"},"modified":"2025-10-09T23:48:08","modified_gmt":"2025-10-09T23:48:08","slug":"osterrike-krossade-san-marino-med-tio-mal-i-vm-kvalet","status":"publish","type":"post","link":"https:\/\/www.europesays.com\/se\/51807\/","title":{"rendered":"\u00d6sterrike krossade San Marino med tio (!) m\u00e5l i VM-kvalet"},"content":{"rendered":"<p><strong>San Marino var ingen sv\u00e5r n\u00f6t att kn\u00e4cka f\u00f6r \u00d6sterrike. <br \/>Detta d\u00e5 det r\u00f6dvita landslaget vann med hela 10-0. <br \/>Anfallaren Marko Arnautovi\u0107 stod f\u00f6r fyra av m\u00e5len. <\/strong><\/p>\n<p><img loading=\"lazy\" decoding=\"async\" width=\"1024\" height=\"576\" src=\"https:\/\/www.europesays.com\/se\/wp-content\/uploads\/2025\/10\/marko_a-1024x576.jpg\" alt=\"\" class=\"wp-image-327386\"  \/>Foto: Bildbyr\u00e5n<\/p>\n<p>Man ledde sin <a href=\"https:\/\/fotbolldirekt.se\/vm-fotboll\/\" rel=\"nofollow noopener\" target=\"_blank\">VM-kvalgrupp<\/a> efter fyra raka segrar och tog under torsdagen mot San Marino p\u00e5 Ernst-Happel-Stadion i Wien. <\/p>\n<p>D\u00e5 skulle \u00d6sterrikes femte raka seger komma, och <strong>detta med enkelhet<\/strong>. <\/p>\n<p>Efter 24 minuter ledde man med 3-0 och n\u00e4r domaren bl\u00e5ste f\u00f6r fulltid hade \u00d6sterrike gjort ytterligare sex m\u00e5l. Fyra av dessa stod stj\u00e4rnan Marko Arnautovic f\u00f6r.<\/p>\n<p>De m\u00e5len inneb\u00e4r \u00e4ven att <strong>Arnautovic nu \u00e4r det \u00f6sterrikiska landslagets meste m\u00e5lskytt n\u00e5gonsin<\/strong>, d\u00e5 han har gjort 45 stycken och g\u00e5tt om Toni Polster som gjorde 44 stycken. <\/p>\n","protected":false},"excerpt":{"rendered":"San Marino var ingen sv\u00e5r n\u00f6t att kn\u00e4cka f\u00f6r \u00d6sterrike. Detta d\u00e5 det r\u00f6dvita landslaget vann med hela&hellip;\n","protected":false},"author":2,"featured_media":51808,"comment_status":"","ping_status":"","sticky":false,"template":"","format":"standard","meta":{"footnotes":""},"categories":[68],"tags":[774,34,111,110,31,33,32,30],"class_list":{"0":"post-51807","1":"post","2":"type-post","3":"status-publish","4":"format-standard","5":"has-post-thumbnail","7":"category-sport","8":"tag-mini-top-block-1","9":"tag-se","10":"tag-sport","11":"tag-sports","12":"tag-svenska","13":"tag-sverige","14":"tag-sweden","15":"tag-swedish"},"share_on_mastodon":{"url":"","error":""},"_links":{"self":[{"href":"https:\/\/www.europesays.com\/se\/wp-json\/wp\/v2\/posts\/51807","targetHints":{"allow":["GET"]}}],"collection":[{"href":"https:\/\/www.europesays.com\/se\/wp-json\/wp\/v2\/posts"}],"about":[{"href":"https:\/\/www.europesays.com\/se\/wp-json\/wp\/v2\/types\/post"}],"author":[{"embeddable":true,"href":"https:\/\/www.europesays.com\/se\/wp-json\/wp\/v2\/users\/2"}],"replies":[{"embeddable":true,"href":"https:\/\/www.europesays.com\/se\/wp-json\/wp\/v2\/comments?post=51807"}],"version-history":[{"count":0,"href":"https:\/\/www.europesays.com\/se\/wp-json\/wp\/v2\/posts\/51807\/revisions"}],"wp:featuredmedia":[{"embeddable":true,"href":"https:\/\/www.europesays.com\/se\/wp-json\/wp\/v2\/media\/51808"}],"wp:attachment":[{"href":"https:\/\/www.europesays.com\/se\/wp-json\/wp\/v2\/media?parent=51807"}],"wp:term":[{"taxonomy":"category","embeddable":true,"href":"https:\/\/www.europesays.com\/se\/wp-json\/wp\/v2\/categories?post=51807"},{"taxonomy":"post_tag","embeddable":true,"href":"https:\/\/www.europesays.com\/se\/wp-json\/wp\/v2\/tags?post=51807"}],"curies":[{"name":"wp","href":"https:\/\/api.w.org\/{rel}","templated":true}]}}