{"id":51820,"date":"2025-10-10T00:13:12","date_gmt":"2025-10-10T00:13:12","guid":{"rendered":"https:\/\/www.europesays.com\/se\/51820\/"},"modified":"2025-10-10T00:13:12","modified_gmt":"2025-10-10T00:13:12","slug":"svarar-pa-os-snacket-valdigt-liten-chans","status":"publish","type":"post","link":"https:\/\/www.europesays.com\/se\/51820\/","title":{"rendered":"Svarar p\u00e5 OS-snacket: &#8221;V\u00e4ldigt liten chans&#8221;"},"content":{"rendered":"<p><strong>TV4:s Joel Lundqvist och Oscar M\u00f6ller \u00e4r inte fr\u00e4mmande f\u00f6r att se<a href=\"https:\/\/hockeysverige.se\/spelare\/oscar-lindberg\/\" rel=\"nofollow noopener\" target=\"_blank\"> Oscar Lindberg<\/a> i OS-truppen. Men huvudpersonen sj\u00e4lv har inte ens t\u00e4nkt tanken.<br \/>\u2013 Tanken har inte ens slagit mig, s\u00e4ger han till hockeysverige.se.<\/strong><\/p>\n<p><img loading=\"lazy\" decoding=\"async\" width=\"1024\" height=\"658\" src=\"https:\/\/www.europesays.com\/se\/wp-content\/uploads\/2025\/10\/Oscar-Lindberg-OS-1024x658.webp.webp\" alt=\"\" class=\"wp-image-311838\"  \/>F\u00e5r vi se Oscar Lindberg spela OS?<br \/><strong>Foto: <\/strong>Bildbyr\u00e5n.<\/p>\n<p>G\u00c4VLE (HOCKEYSVERIGE.SE)<\/p>\n<p>Oscar Lindberg hade ikv\u00e4ll chansen att tangera den l\u00e4ngsta po\u00e4ngsviten n\u00e5gonsin fr\u00e5n starten av en s\u00e4song i <a href=\"https:\/\/hockeysverige.se\/shl\/\" rel=\"nofollow noopener\" target=\"_blank\">Elitserien\/SH<\/a>L. Men f\u00f6r f\u00f6rsta g\u00e5ngen f\u00f6r s\u00e4songen l\u00e4mnade han isen po\u00e4ngl\u00f6s, n\u00e4r <a href=\"https:\/\/hockeysverige.se\/klubb\/skelleftea-aik\/\" rel=\"nofollow noopener\" target=\"_blank\">Skellefte\u00e5<\/a> bortabesegrade <a href=\"https:\/\/hockeysverige.se\/klubb\/brynas-if\/\" rel=\"nofollow noopener\" target=\"_blank\">Bryn\u00e4s<\/a> med 1-0 efter m\u00e5l av backen Frans Haara i den f\u00f6rsta perioden.<\/p>\n<p>Men SHL:s po\u00e4ngkung Lindberg hamnade \u00e4nd\u00e5 i fokus ikv\u00e4ll. Detta efter att han lyfts fram som en t\u00e4nkbar OS-spelare i TV4:s studio inf\u00f6r matchen.<\/p>\n<p>\u2013 Jag tycker absolut att han ska vara med i diskussionen kring en OS-plats. Det \u00e4r inte bara att han \u00e4r skicklig offensivt utan han \u00e4r en bra tekare och \u00e4r smart d\u00e4r ute i det defensiva spelet. Han kan ju spela i en tredje- eller fj\u00e4rdeformation ocks\u00e5 och beh\u00f6ver inte g\u00e5 in i en toppkedja. Jag tycker att han helt klart, med den niv\u00e5n som han ligger p\u00e5 nu, ska vara med i f\u00f6rhandssnacket, sade Joel Lundqvist.<\/p>\n<p>Oscar M\u00f6ller fyllde i:<\/p>\n<p>\u2013 Jag skulle kunna se honom i en tredjedkedja.<\/p>\n<p>Oscar Lindberg om OS-snacket<\/p>\n<p>Men Lindberg sj\u00e4lv har inte funderat kring chanserna att spela OS.<\/p>\n<p>\u2013 Nej, jag har inte ens t\u00e4nkt tanken. Tanken har faktiskt inte slagit mig, s\u00e4ger han till hockeysverige.se efter segern mot Bryn\u00e4s.<\/p>\n<p><img loading=\"lazy\" decoding=\"async\" width=\"1024\" height=\"576\" src=\"https:\/\/www.europesays.com\/se\/wp-content\/uploads\/2025\/10\/Oscar-Lindberg-1-2.jpg\" alt=\"\" class=\"wp-image-154759\"  \/>Oscar Lindberg under VM 2023. Foto: Bildbyr\u00e5n.<\/p>\n<p><strong>Tror du att det finns en chans att du kommer?<br \/><\/strong>\u2013 En chans finns det alltid. Men den \u00e4r v\u00e4ldigt liten, s\u00e4ger han med ett leende.<\/p>\n<p><strong>\u00c4r du f\u00f6rv\u00e5nad \u00f6ver att snacket kommit ig\u00e5ng?<br \/><\/strong>\u2013 Ja, det blir jag v\u00e4l. Men absolut \u2013 spelet har g\u00e5tt bra och po\u00e4ngen har trillat in. Jag \u00e4r supern\u00f6jd med min start och hur det k\u00e4nts f\u00f6r laget. S\u00e5 det \u00e4r positivt.<\/p>\n<p><strong>Senast NHL-spelarna var med i OS tog ju Jimmie Ericsson plats i laget\u2026<br \/><\/strong>\u2013 (Skratt) Just det. S\u00e5 var det, ja.<\/p>\n<p>Fyra segrar p\u00e5 fem matcher f\u00f6r Skellefte\u00e5<\/p>\n<p>Skellefte\u00e5 har, efter en n\u00e5got tr\u00f6g start p\u00e5 s\u00e4songen, vunnit tv\u00e5 raka matcher och fyra av de senaste fem. De \u00e4r uppe p\u00e5 fj\u00e4rdeplats i SHL.<br \/>\u2013 N\u00e4r vi har spelat bra har vi varit superbra. Men n\u00e4r vi har varit d\u00e5liga har vi verkligen varit d\u00e5liga. Vi beh\u00f6ver hitta j\u00e4mnheten och hitta n\u00e4r vi ska spela med pucken och n\u00e4r vi inte ska g\u00f6ra det. Men den balansen har blivit klart mycket b\u00e4ttre.<br \/>\u2013 Idag tycker jag vi var bra i f\u00f6rsta perioden, lite s\u00e4mre i andra och sen hittade vi ett s\u00e4tt att vinna i tredje. Vi h\u00f6ll dem (Bryn\u00e4s) p\u00e5 utsidan och var bra p\u00e5 att blocka skott fr\u00e5n backarna. Det h\u00e4t var ett styrkebesked fr\u00e5n oss.<\/p>\n<p><strong>K\u00e4nner du att ni \u00e4r i ett annat l\u00e4ge nu j\u00e4mf\u00f6rt med f\u00f6rra s\u00e4songen?<br \/><\/strong>\u2013 Ja, absolut. Dels med tanke p\u00e5 killarna vi har att tillg\u00e5 i truppen, d\u00e4r \u00e4r det stor skillnad. Men det \u00e4r ocks\u00e5 ett annat lugn i truppen, skulle jag s\u00e4ga.<\/p>\n<p>Skellefte\u00e5 m\u00f6ter jumbon HV71 p\u00e5 l\u00f6rdag. Bryn\u00e4s, som \u00e4r nere p\u00e5 elfte plats, m\u00f6ter tabelltian Link\u00f6ping.<\/p>\n","protected":false},"excerpt":{"rendered":"TV4:s Joel Lundqvist och Oscar M\u00f6ller \u00e4r inte fr\u00e4mmande f\u00f6r att se Oscar Lindberg i OS-truppen. Men huvudpersonen&hellip;\n","protected":false},"author":2,"featured_media":51821,"comment_status":"","ping_status":"","sticky":false,"template":"","format":"standard","meta":{"footnotes":""},"categories":[68],"tags":[34,111,110,31,33,32,30,379],"class_list":{"0":"post-51820","1":"post","2":"type-post","3":"status-publish","4":"format-standard","5":"has-post-thumbnail","7":"category-sport","8":"tag-se","9":"tag-sport","10":"tag-sports","11":"tag-svenska","12":"tag-sverige","13":"tag-sweden","14":"tag-swedish","15":"tag-top-article"},"share_on_mastodon":{"url":"","error":""},"_links":{"self":[{"href":"https:\/\/www.europesays.com\/se\/wp-json\/wp\/v2\/posts\/51820","targetHints":{"allow":["GET"]}}],"collection":[{"href":"https:\/\/www.europesays.com\/se\/wp-json\/wp\/v2\/posts"}],"about":[{"href":"https:\/\/www.europesays.com\/se\/wp-json\/wp\/v2\/types\/post"}],"author":[{"embeddable":true,"href":"https:\/\/www.europesays.com\/se\/wp-json\/wp\/v2\/users\/2"}],"replies":[{"embeddable":true,"href":"https:\/\/www.europesays.com\/se\/wp-json\/wp\/v2\/comments?post=51820"}],"version-history":[{"count":0,"href":"https:\/\/www.europesays.com\/se\/wp-json\/wp\/v2\/posts\/51820\/revisions"}],"wp:featuredmedia":[{"embeddable":true,"href":"https:\/\/www.europesays.com\/se\/wp-json\/wp\/v2\/media\/51821"}],"wp:attachment":[{"href":"https:\/\/www.europesays.com\/se\/wp-json\/wp\/v2\/media?parent=51820"}],"wp:term":[{"taxonomy":"category","embeddable":true,"href":"https:\/\/www.europesays.com\/se\/wp-json\/wp\/v2\/categories?post=51820"},{"taxonomy":"post_tag","embeddable":true,"href":"https:\/\/www.europesays.com\/se\/wp-json\/wp\/v2\/tags?post=51820"}],"curies":[{"name":"wp","href":"https:\/\/api.w.org\/{rel}","templated":true}]}}