{"id":51828,"date":"2025-10-10T00:25:37","date_gmt":"2025-10-10T00:25:37","guid":{"rendered":"https:\/\/www.europesays.com\/se\/51828\/"},"modified":"2025-10-10T00:25:37","modified_gmt":"2025-10-10T00:25:37","slug":"vitec-stiger-efter-dubbelhojning-dnb-carnegie-tror-bolaget-kan-gynnas-av-ai-boomen","status":"publish","type":"post","link":"https:\/\/www.europesays.com\/se\/51828\/","title":{"rendered":"Vitec stiger efter dubbelh\u00f6jning \u2013 DNB Carnegie tror bolaget kan gynnas av AI-boomen"},"content":{"rendered":"<p>Programvarubolaget Vitec Software stiger med 8,8 procent p\u00e5 b\u00f6rsen efter att DNB Carnegie h\u00f6jt sin rekommendation tv\u00e5 steg till k\u00f6p fr\u00e5n s\u00e4lj och \u00f6kat riktkursen till 445 kronor fr\u00e5n 375. <\/p>\n<p>I en analys Bloomberg tagit del av skriver DNB Carnegie att bolaget kommer att gynnas av AI-boomen. Analyshuset menar att Vitec kan dra nytta av mjukvara som \u00e4r branschanpassad, rollbaserad och regleringsmedveten.<\/p>\n<p>Ifall Vitec kan anv\u00e4nda sig av AI-tekniken p\u00e5 r\u00e4tt s\u00e4tt b\u00f6r det kunna \u00f6ka effektiviteten och f\u00f6rb\u00e4ttra b\u00e5de marginalerna och kassafl\u00f6det, bed\u00f6mer man. <\/p>\n","protected":false},"excerpt":{"rendered":"Programvarubolaget Vitec Software stiger med 8,8 procent p\u00e5 b\u00f6rsen efter att DNB Carnegie h\u00f6jt sin rekommendation tv\u00e5 steg&hellip;\n","protected":false},"author":2,"featured_media":2193,"comment_status":"","ping_status":"","sticky":false,"template":"","format":"standard","meta":{"footnotes":""},"categories":[65],"tags":[72,70,71,34,31,33,32,30],"class_list":{"0":"post-51828","1":"post","2":"type-post","3":"status-publish","4":"format-standard","5":"has-post-thumbnail","7":"category-ekonomi","8":"tag-business","9":"tag-economy","10":"tag-ekonomi","11":"tag-se","12":"tag-svenska","13":"tag-sverige","14":"tag-sweden","15":"tag-swedish"},"share_on_mastodon":{"url":"","error":""},"_links":{"self":[{"href":"https:\/\/www.europesays.com\/se\/wp-json\/wp\/v2\/posts\/51828","targetHints":{"allow":["GET"]}}],"collection":[{"href":"https:\/\/www.europesays.com\/se\/wp-json\/wp\/v2\/posts"}],"about":[{"href":"https:\/\/www.europesays.com\/se\/wp-json\/wp\/v2\/types\/post"}],"author":[{"embeddable":true,"href":"https:\/\/www.europesays.com\/se\/wp-json\/wp\/v2\/users\/2"}],"replies":[{"embeddable":true,"href":"https:\/\/www.europesays.com\/se\/wp-json\/wp\/v2\/comments?post=51828"}],"version-history":[{"count":0,"href":"https:\/\/www.europesays.com\/se\/wp-json\/wp\/v2\/posts\/51828\/revisions"}],"wp:featuredmedia":[{"embeddable":true,"href":"https:\/\/www.europesays.com\/se\/wp-json\/wp\/v2\/media\/2193"}],"wp:attachment":[{"href":"https:\/\/www.europesays.com\/se\/wp-json\/wp\/v2\/media?parent=51828"}],"wp:term":[{"taxonomy":"category","embeddable":true,"href":"https:\/\/www.europesays.com\/se\/wp-json\/wp\/v2\/categories?post=51828"},{"taxonomy":"post_tag","embeddable":true,"href":"https:\/\/www.europesays.com\/se\/wp-json\/wp\/v2\/tags?post=51828"}],"curies":[{"name":"wp","href":"https:\/\/api.w.org\/{rel}","templated":true}]}}