{"id":51829,"date":"2025-10-10T00:28:11","date_gmt":"2025-10-10T00:28:11","guid":{"rendered":"https:\/\/www.europesays.com\/se\/51829\/"},"modified":"2025-10-10T00:28:11","modified_gmt":"2025-10-10T00:28:11","slug":"jihadistisk-mordplan-mot-premiarministern-stoppad","status":"publish","type":"post","link":"https:\/\/www.europesays.com\/se\/51829\/","title":{"rendered":"Jihadistisk mordplan mot premi\u00e4rministern stoppad"},"content":{"rendered":"<p>Tre personer har gripits i Antwerpen i Belgien misst\u00e4nkta f\u00f6r att ha planerat att attackera premi\u00e4rminister Bart De Wever och andra politiker, skriver den belgiska tidningen Le Soir. <\/p>\n<p>Enligt \u00e5klagare planerade personerna att utf\u00f6ra ett jihadistiskt terrord\u00e5d genom att f\u00e4sta spr\u00e4ngladdningar p\u00e5 dr\u00f6nare. Polisen har genomf\u00f6rt husrannsakningar vid flera bost\u00e4der, varav en inte l\u00e5ngt fr\u00e5n premi\u00e4rministerns hem. <\/p>\n<p>Vid tillslagen hittades en \u201dpotentiellt explosiv anordning\u201d, en v\u00e4ska med metallkulor och en 3D-skrivare som tros ha varit avsedd att tillverka vapen, skriver AFP. <\/p>\n<p>Omni \u00e4r politiskt obundna och oberoende. Vi str\u00e4var efter att ge fler perspektiv p\u00e5 nyheterna. Har du fr\u00e5gor eller synpunkter kring v\u00e5r rapportering? <a href=\"https:\/\/omni.se\/jihadistisk-mordplan-mot-premiarministern-stoppad\/a\/mailto:redaktion@omni.se\" class=\"ArticleActions_contactLink__W2F1M\" rel=\"nofollow noopener\" target=\"_blank\">Kontakta redaktionen<\/a><\/p>\n","protected":false},"excerpt":{"rendered":"Tre personer har gripits i Antwerpen i Belgien misst\u00e4nkta f\u00f6r att ha planerat att attackera premi\u00e4rminister Bart De&hellip;\n","protected":false},"author":2,"featured_media":51830,"comment_status":"","ping_status":"","sticky":false,"template":"","format":"standard","meta":{"footnotes":""},"categories":[5],"tags":[3827,22,23,267,26,27,17,21,24,25,28,29,15,16,18,34,31,33,32,30,19,20],"class_list":{"0":"post-51829","1":"post","2":"type-post","3":"status-publish","4":"format-standard","5":"has-post-thumbnail","7":"category-rubriker","8":"tag-belgien","9":"tag-breaking-news","10":"tag-breakingnews","11":"tag-europa","12":"tag-featured-news","13":"tag-featurednews","14":"tag-headlines","15":"tag-huvudnyheter","16":"tag-latest-news","17":"tag-latestnews","18":"tag-main-news","19":"tag-mainnews","20":"tag-news","21":"tag-nyheter","22":"tag-rubriker","23":"tag-se","24":"tag-svenska","25":"tag-sverige","26":"tag-sweden","27":"tag-swedish","28":"tag-top-stories","29":"tag-topstories"},"share_on_mastodon":{"url":"","error":""},"_links":{"self":[{"href":"https:\/\/www.europesays.com\/se\/wp-json\/wp\/v2\/posts\/51829","targetHints":{"allow":["GET"]}}],"collection":[{"href":"https:\/\/www.europesays.com\/se\/wp-json\/wp\/v2\/posts"}],"about":[{"href":"https:\/\/www.europesays.com\/se\/wp-json\/wp\/v2\/types\/post"}],"author":[{"embeddable":true,"href":"https:\/\/www.europesays.com\/se\/wp-json\/wp\/v2\/users\/2"}],"replies":[{"embeddable":true,"href":"https:\/\/www.europesays.com\/se\/wp-json\/wp\/v2\/comments?post=51829"}],"version-history":[{"count":0,"href":"https:\/\/www.europesays.com\/se\/wp-json\/wp\/v2\/posts\/51829\/revisions"}],"wp:featuredmedia":[{"embeddable":true,"href":"https:\/\/www.europesays.com\/se\/wp-json\/wp\/v2\/media\/51830"}],"wp:attachment":[{"href":"https:\/\/www.europesays.com\/se\/wp-json\/wp\/v2\/media?parent=51829"}],"wp:term":[{"taxonomy":"category","embeddable":true,"href":"https:\/\/www.europesays.com\/se\/wp-json\/wp\/v2\/categories?post=51829"},{"taxonomy":"post_tag","embeddable":true,"href":"https:\/\/www.europesays.com\/se\/wp-json\/wp\/v2\/tags?post=51829"}],"curies":[{"name":"wp","href":"https:\/\/api.w.org\/{rel}","templated":true}]}}