{"id":51847,"date":"2025-10-10T02:07:10","date_gmt":"2025-10-10T02:07:10","guid":{"rendered":"https:\/\/www.europesays.com\/se\/51847\/"},"modified":"2025-10-10T02:07:10","modified_gmt":"2025-10-10T02:07:10","slug":"faroarna-krossade-montenegro-med-4-0-i-vm-kvalet","status":"publish","type":"post","link":"https:\/\/www.europesays.com\/se\/51847\/","title":{"rendered":"F\u00e4r\u00f6arna krossade Montenegro med 4-0 i VM-kvalet"},"content":{"rendered":"<p><strong>De \u00e4r rankade p\u00e5 en 136:e-plats \u2013 och st\u00e4lldes mot Montenegro.<br \/>D\u00e5 stod F\u00e4r\u00f6arna f\u00f6r en stor skr\u00e4ll d\u00e5 man vann med hela 4-0.<br \/>Det var den lilla \u00f6-nationens tredje seger i <a href=\"https:\/\/fotbolldirekt.se\/vm-fotboll\/\" rel=\"nofollow noopener\" target=\"_blank\">VM-kvalet<\/a>.<\/strong><\/p>\n<p><img loading=\"lazy\" decoding=\"async\" width=\"1024\" height=\"576\" src=\"https:\/\/www.europesays.com\/se\/wp-content\/uploads\/2025\/10\/hanus-1024x576.jpg\" alt=\"\" class=\"wp-image-327374\"  \/>Foto: Bildbyr\u00e5n<\/p>\n<p>De hade redan radat upp tv\u00e5 segrar i VM-kvalet, b\u00e5da mot Gibraltar.<\/p>\n<p>Nu har den lilla \u00f6-nationen F\u00e4r\u00f6arna tagit sin tredje seger \u2013 efter att man v\u00e4lkomnat Montenegro till T\u00f3rsv\u00f8llur.<\/p>\n<p>D\u00e4r tog det inte l\u00e5ng tid innan man gjorde det f\u00f6rsta m\u00e5let. R\u00e4ttare sagt 16 minuter, d\u00e5 Hanus S\u00f8rensen spr\u00e4ckte nollan. KI Klaksvik-stj\u00e4rnan \u00c1rni Frederiksberg ville inte vara s\u00e4mre och satte dit 2-0 omkring tio minuter senare.<\/p>\n<p>Det resultatet stod sig till paus. <\/p>\n<p>I den andra halvleken slog de tv\u00e5 m\u00e5lg\u00f6rarna till med ytterligare varsitt m\u00e5l vilket innebar att F\u00e4r\u00f6arna vann med hela 4-0 och tog sin tredje seger i VM-kvalet. Det inneb\u00e4r att man nu st\u00e5r p\u00e5 nio po\u00e4ng i sin grupp, med fyra po\u00e4ng upp till Tjeckien p\u00e5 en andraplats. <\/p>\n","protected":false},"excerpt":{"rendered":"De \u00e4r rankade p\u00e5 en 136:e-plats \u2013 och st\u00e4lldes mot Montenegro.D\u00e5 stod F\u00e4r\u00f6arna f\u00f6r en stor skr\u00e4ll d\u00e5&hellip;\n","protected":false},"author":2,"featured_media":51848,"comment_status":"","ping_status":"","sticky":false,"template":"","format":"standard","meta":{"footnotes":""},"categories":[68],"tags":[34,115,111,110,31,33,32,30],"class_list":{"0":"post-51847","1":"post","2":"type-post","3":"status-publish","4":"format-standard","5":"has-post-thumbnail","7":"category-sport","8":"tag-se","9":"tag-senaste-nytt-2","10":"tag-sport","11":"tag-sports","12":"tag-svenska","13":"tag-sverige","14":"tag-sweden","15":"tag-swedish"},"share_on_mastodon":{"url":"","error":""},"_links":{"self":[{"href":"https:\/\/www.europesays.com\/se\/wp-json\/wp\/v2\/posts\/51847","targetHints":{"allow":["GET"]}}],"collection":[{"href":"https:\/\/www.europesays.com\/se\/wp-json\/wp\/v2\/posts"}],"about":[{"href":"https:\/\/www.europesays.com\/se\/wp-json\/wp\/v2\/types\/post"}],"author":[{"embeddable":true,"href":"https:\/\/www.europesays.com\/se\/wp-json\/wp\/v2\/users\/2"}],"replies":[{"embeddable":true,"href":"https:\/\/www.europesays.com\/se\/wp-json\/wp\/v2\/comments?post=51847"}],"version-history":[{"count":0,"href":"https:\/\/www.europesays.com\/se\/wp-json\/wp\/v2\/posts\/51847\/revisions"}],"wp:featuredmedia":[{"embeddable":true,"href":"https:\/\/www.europesays.com\/se\/wp-json\/wp\/v2\/media\/51848"}],"wp:attachment":[{"href":"https:\/\/www.europesays.com\/se\/wp-json\/wp\/v2\/media?parent=51847"}],"wp:term":[{"taxonomy":"category","embeddable":true,"href":"https:\/\/www.europesays.com\/se\/wp-json\/wp\/v2\/categories?post=51847"},{"taxonomy":"post_tag","embeddable":true,"href":"https:\/\/www.europesays.com\/se\/wp-json\/wp\/v2\/tags?post=51847"}],"curies":[{"name":"wp","href":"https:\/\/api.w.org\/{rel}","templated":true}]}}