{"id":51853,"date":"2025-10-10T02:15:19","date_gmt":"2025-10-10T02:15:19","guid":{"rendered":"https:\/\/www.europesays.com\/se\/51853\/"},"modified":"2025-10-10T02:15:19","modified_gmt":"2025-10-10T02:15:19","slug":"experten-vill-se-lindberg-i-os-truppen-ska-vara-med-i-snacket","status":"publish","type":"post","link":"https:\/\/www.europesays.com\/se\/51853\/","title":{"rendered":"Experten vill se Lindberg i OS-truppen: &#8221;Ska vara med i snacket&#8221;"},"content":{"rendered":"<p><strong><a href=\"https:\/\/hockeysverige.se\/spelare\/oscar-lindberg\/\" rel=\"nofollow noopener\" target=\"_blank\">Oscar Lindberg<\/a> har dominerat i <a href=\"https:\/\/hockeysverige.se\/shl\/\" rel=\"nofollow noopener\" target=\"_blank\">SHL<\/a> under s\u00e4songsstarten. <br \/>Nu vill Joel Lundqvist se att han \u00e4r med i <a href=\"https:\/\/hockeysverige.se\/landslag\/sverige\/\" rel=\"nofollow noopener\" target=\"_blank\">Tre Kronor<\/a>s <a href=\"https:\/\/hockeysverige.se\/os\/\" rel=\"nofollow noopener\" target=\"_blank\">OS<\/a>-trupp n\u00e4sta \u00e5r. <br \/>\u2013 Jag tycker absolut att han ska vara med i diskussionen, s\u00e4ger Lundqvist. <\/strong><\/p>\n<p><img loading=\"lazy\" decoding=\"async\" width=\"1024\" height=\"658\" src=\"https:\/\/www.europesays.com\/se\/wp-content\/uploads\/2025\/10\/Oscar-Lindberg-Joel-OS-1024x658.webp.webp\" alt=\"Oscar Lindberg. Joel Lundqvist. OS.\" class=\"wp-image-311635\"  \/>Joel Lundqvist vill se Oscar Lindberg i den svenska OS-truppen. <strong>Foto: <\/strong>Bildbyr\u00e5n (Montage)<\/p>\n<p>Nio matcher. \u00c5tta m\u00e5l. \u00c5tta assist. 16 po\u00e4ng. <\/p>\n<p>Det \u00e4r Oscar Lindbergs facit under starten av SHL-s\u00e4songen d\u00e4r han har gjort po\u00e4ng i varenda match s\u00e5 h\u00e4r l\u00e5ngt och redan \u00e4r \u00f6verl\u00e4gsen i toppen av po\u00e4ngligan. <\/p>\n<p>Nu vill TV4-experten Joel Lundqvist att <a href=\"https:\/\/hockeysverige.se\/klubb\/skelleftea-aik\/\" rel=\"nofollow noopener\" target=\"_blank\">Skellefte\u00e5<\/a>-stj\u00e4rnan ska vara med och sl\u00e5ss om en plats i Tre Kronors trupp till OS i Milano n\u00e4sta \u00e5r, trots att <a href=\"https:\/\/hockeysverige.se\/nhl\/\" rel=\"nofollow noopener\" target=\"_blank\">NHL<\/a>-stj\u00e4rnorna ska vara med. <\/p>\n<p>\u2013 Jag tycker absolut att han ska vara med i diskussionen kring en OS-plats. Det \u00e4r inte bara att han \u00e4r skicklig offensivt utan han \u00e4r en bra tekare och \u00e4r smart d\u00e4r ute i det defensiva spelet. Han kan ju spela i en tredje- eller fj\u00e4rdeformation ocks\u00e5 och beh\u00f6ver inte g\u00e5 in i en toppkedja. Jag tycker att han helt klart, med den niv\u00e5n som han ligger p\u00e5 nu, ska vara med i f\u00f6rhandssnacket, s\u00e4ger Lundqvist i TV4:s studios\u00e4ndning \u201dHockeytorsdag\u201d. <\/p>\n<p>Tar Oscar Lindberg plats i Tre Kronors trupp till OS?<\/p>\n<p>Tidigare OS-turneringar n\u00e4r NHL-stj\u00e4rnorna deltagit har Tre Kronor \u00e4nd\u00e5 skickat minst en SHL-spelare. 2014 var Jimmie Ericsson med i OS-truppen, 2010 var det Stefan Liv, Magnus Johansson och Peter Forsberg och vid OS-guldet 2006 var Stefan Liv, Ronnie Sundin, Mika Hannula och J\u00f6rgen J\u00f6nsson med fr\u00e5n Elitserien. <\/p>\n<p>Enligt Lundqvists expertkollega Almen Bibic \u00e4r dock konkurrensen tuffare nu vilket talar f\u00f6r att Oscar Lindberg inte kommer att f\u00e5 spela OS trots succ\u00e9n i SHL under h\u00f6sten. <\/p>\n<p>\u2013 Jag tror att vi har f\u00f6r m\u00e5nga alternativ d\u00e4r borta i Nordamerika. D\u00e4rf\u00f6r kommer han inte f\u00e5 vara med. Men \u00e4r det n\u00e5gon som ska vara med fr\u00e5n Europa, d\u00e5 \u00e4r det klart att han ska vara med p\u00e5 listan. Men vi har alldeles f\u00f6r m\u00e5nga alternativ och jag tror inte att det kommer att h\u00e4nda, s\u00e4ger Bibic. <\/p>\n<p>Oscar Lindberg vann SHL:s po\u00e4ngliga med 51 po\u00e4ng p\u00e5 50 matcher s\u00e4songen 2023\/24 och f\u00f6rra s\u00e4songen kom han fyra med 47 po\u00e4ng p\u00e5 52 matcher. Nu satsar Lindberg dock mot en andra po\u00e4ngligatitel. <\/p>\n<p> Source: <a href=\"https:\/\/www.eliteprospects.com\/player\/10711\/oscar-lindberg\" target=\"_blank\" rel=\"noopener noreferrer nofollow\">Oscar Lindberg<\/a> @ Elite Prospects<\/p>\n","protected":false},"excerpt":{"rendered":"Oscar Lindberg har dominerat i SHL under s\u00e4songsstarten. Nu vill Joel Lundqvist se att han \u00e4r med i&hellip;\n","protected":false},"author":2,"featured_media":51854,"comment_status":"","ping_status":"","sticky":false,"template":"","format":"standard","meta":{"footnotes":""},"categories":[68],"tags":[34,133,134,111,110,31,33,32,30,379],"class_list":{"0":"post-51853","1":"post","2":"type-post","3":"status-publish","4":"format-standard","5":"has-post-thumbnail","7":"category-sport","8":"tag-se","9":"tag-second-news","10":"tag-shl","11":"tag-sport","12":"tag-sports","13":"tag-svenska","14":"tag-sverige","15":"tag-sweden","16":"tag-swedish","17":"tag-top-article"},"share_on_mastodon":{"url":"","error":""},"_links":{"self":[{"href":"https:\/\/www.europesays.com\/se\/wp-json\/wp\/v2\/posts\/51853","targetHints":{"allow":["GET"]}}],"collection":[{"href":"https:\/\/www.europesays.com\/se\/wp-json\/wp\/v2\/posts"}],"about":[{"href":"https:\/\/www.europesays.com\/se\/wp-json\/wp\/v2\/types\/post"}],"author":[{"embeddable":true,"href":"https:\/\/www.europesays.com\/se\/wp-json\/wp\/v2\/users\/2"}],"replies":[{"embeddable":true,"href":"https:\/\/www.europesays.com\/se\/wp-json\/wp\/v2\/comments?post=51853"}],"version-history":[{"count":0,"href":"https:\/\/www.europesays.com\/se\/wp-json\/wp\/v2\/posts\/51853\/revisions"}],"wp:featuredmedia":[{"embeddable":true,"href":"https:\/\/www.europesays.com\/se\/wp-json\/wp\/v2\/media\/51854"}],"wp:attachment":[{"href":"https:\/\/www.europesays.com\/se\/wp-json\/wp\/v2\/media?parent=51853"}],"wp:term":[{"taxonomy":"category","embeddable":true,"href":"https:\/\/www.europesays.com\/se\/wp-json\/wp\/v2\/categories?post=51853"},{"taxonomy":"post_tag","embeddable":true,"href":"https:\/\/www.europesays.com\/se\/wp-json\/wp\/v2\/tags?post=51853"}],"curies":[{"name":"wp","href":"https:\/\/api.w.org\/{rel}","templated":true}]}}