{"id":51860,"date":"2025-10-10T02:31:08","date_gmt":"2025-10-10T02:31:08","guid":{"rendered":"https:\/\/www.europesays.com\/se\/51860\/"},"modified":"2025-10-10T02:31:08","modified_gmt":"2025-10-10T02:31:08","slug":"shl-tranarna-i-ordbrak-du-ska-passa-dig","status":"publish","type":"post","link":"https:\/\/www.europesays.com\/se\/51860\/","title":{"rendered":"SHL-tr\u00e4narna i ordbr\u00e5k: &#8221;Du ska passa dig&#8221;"},"content":{"rendered":"<p><strong>Det blev heta k\u00e4nslor p\u00e5 presskonferensen efter <a href=\"https:\/\/hockeysverige.se\/shl\/\" rel=\"nofollow noopener\" target=\"_blank\">SHL<\/a>-matchen mellan <a href=\"https:\/\/hockeysverige.se\/klubb\/lulea-hockey\/\" rel=\"nofollow noopener\" target=\"_blank\">Lule\u00e5<\/a> och <a href=\"https:\/\/hockeysverige.se\/klubb\/hv71\/\" rel=\"nofollow noopener\" target=\"_blank\">HV71<\/a>. <br \/>Tr\u00e4narna Thomas \u201dBulan\u201d Berglund och Anton Blomqvist r\u00f6k ihop och hamnade i ordbr\u00e5k efter att Berglund anklagat HV:s Linus Lindstr\u00f6m f\u00f6r att filma. <br \/>\u2013 Det \u00e4r pinsamt, bland det l\u00f6jligaste jag har sett, s\u00e4ger Thomas Berglund.<br \/>\u2013 Jag tycker att du ocks\u00e5 ska passa dig, s\u00e4ger Anton Blomqvist. <\/strong><\/p>\n<p><img loading=\"lazy\" decoding=\"async\" width=\"1024\" height=\"658\" src=\"https:\/\/www.europesays.com\/se\/wp-content\/uploads\/2025\/10\/Blomqvist-Berglund-ordbrak-1-1024x658.webp.webp\" alt=\"Anton Blomqvist. Thomas Berglund.\" class=\"wp-image-311881\"  \/>Anton Blomqvist och Thomas Berglund r\u00f6k ihop efter matchen. <strong>Foto: <\/strong>Bildbyr\u00e5n &amp; Lule\u00e5 Hockey (Montage)<\/p>\n<p>Det var en <a href=\"https:\/\/hockeysverige.se\/shl\/lulea-vinner-forlanger-hv71-mardromssvit-i-norrbotten\/\" rel=\"nofollow noopener\" target=\"_blank\">h\u00e4ndelserik match mellan Lule\u00e5 och HV71<\/a> i Coop Norrbotten Arena under torsdagskv\u00e4llen med uppm\u00e4rksammade situationer. <\/p>\n<p>En av de mest omtalade incidenterna intr\u00e4ffade i b\u00f6rjan av tredje perioden. Lule\u00e5s backtalang <a href=\"https:\/\/hockeysverige.se\/spelare\/william-hakansson\/\" rel=\"nofollow noopener\" target=\"_blank\">William H\u00e5kansson<\/a> kliver upp och delar ut en tackling som tar h\u00f6gt upp p\u00e5 HV71:s Linus Lindstr\u00f6m. Centern blir liggandes p\u00e5 isen en l\u00e4ngre stund innan han hj\u00e4lps av och kliver ut i omkl\u00e4dningsrummet. Domarna tog en femma p\u00e5 armen och granskade sedan tacklingen. Efter videobed\u00f6mning valde domarna d\u00e4remot att s\u00e4nka straffet till tv\u00e5 minuter i st\u00e4llet f\u00f6r matchstraff. <\/p>\n<p>H\u00e5kansson fick allts\u00e5 sitta av tv\u00e5 minuter i utvisningsb\u00e5set medan Lindstr\u00f6m kunde \u00e5terv\u00e4nda till spel senare i tredje perioden efter att ha blivit unders\u00f6kt. <\/p>\n<p>Orbr\u00e5k mellan Thomas Berglund och Anton Blomqvist<\/p>\n<p>P\u00e5 presskonferensen efter matchen rasar d\u00e4remot Lule\u00e5-tr\u00e4naren Thomas \u201dBulan\u201d Berglund mot Linus Lindstr\u00f6m. Berglund menar att Lindstr\u00f6m ska ha filmat f\u00f6r att p\u00e5verka domarnas bed\u00f6mning. <\/p>\n<p>\u2013 De har en kille i deras lag som f\u00e5r en tackling. Den tar inte i huvudet men \u00e4nd\u00e5 sl\u00e4nger han sig ner, ligger och kvider och blir hj\u00e4lpt av banan, f\u00f6r att sedan hoppa in i spelet igen. Det \u00e4r enbart f\u00f6r att lura domarna och f\u00e5 fem minuter. Det d\u00e4r \u00e4r bland det l\u00f6jligaste jag har sett, dundrar Berglund. <\/p>\n<p>Anton Blomqvist flikar sedan in och svarar vilket leder till ett st\u00f6rre ordbr\u00e5k mellan tr\u00e4narna. <\/p>\n<p>\u2013 Tacklingen tar i huvudet. Den tar p\u00e5 hakan och det \u00e4r en del av huvudet, s\u00e4ger Blomqvist lugnt. <\/p>\n<p>Anton Blomqvist: \u201dDu ska passa dig!\u201d<\/p>\n<p>Berglund: <br \/>\u2013 Tar den p\u00e5 hakan? Hur mycket d\u00e5?<\/p>\n<p>Blomqvist: <br \/>\u2013 Det spelar v\u00e4l ingen roll. Du sade att den inte gjorde det men det g\u00f6r den. <\/p>\n<p>\u2013 Jag ser ingen r\u00f6relse p\u00e5 huvudet fr\u00e5nsett sen n\u00e4r han kastar sig. Hur kan han ligga d\u00f6d och sedan spela? Du s\u00e4ger att den tar i huvudet men om jag tar s\u00e5 h\u00e4r (mimar l\u00e4tt touch p\u00e5 hakan) p\u00e5 mitt huvud, d\u00e5 kastar jag mig inte, ligger rakl\u00e5ng och h\u00e5ller p\u00e5 och kvider, s\u00e4ger Berglund vilket f\u00e5r Blomqvist att ilskna till: <\/p>\n<p>\u2013 Om det \u00e4r n\u00e5gon som inte h\u00e5ller p\u00e5 och kvider\u2026 Jag tycker att du ocks\u00e5 ska passa dig f\u00f6r du har ett g\u00e4ng som kvider i ditt lag ocks\u00e5. S\u00e5 hoppa inte p\u00e5 Lindstr\u00f6m. Nej, hoppa inte p\u00e5 Lindstr\u00f6m!, s\u00e4ger Blomqvist.<\/p>\n<p>\u2013 Passa mig? Herregud! Du\u2026 Han ligger i en minut och sedan kommer han upp p\u00e5 isen igen och spelar. \u00c4r inte det j\u00e4vligt konstigt?, svarar Berglund. <\/p>\n<p>Thomas Berglund: \u201dGe han 5 000 i b\u00f6ter!\u201d<\/p>\n<p>Blomqvist: <br \/>\u2013 Jag s\u00e4ger det, den tar i huvudet. Sedan hur h\u00e5rt den tar, det vet inte jag. Men den tar i huvudet.<\/p>\n<p>Berglund: <br \/>\u2013 Jag vet, jag vet! Den kanske touchar, men huvudet r\u00f6r sig ingenting. Sedan kommer han tillbaka i spel, det \u00e4r pinsamt.<\/p>\n<p>Blomqvist: <br \/>\u2013 De (domarna) tittar ju p\u00e5 den. D\u00e5 tar de v\u00e4l inte n\u00e5gon utvisning om den inte tar i huvudet?<\/p>\n<p>Thomas Berglund avslutar sedan med en uppmaning. <\/p>\n<p>\u2013 Hans huvudr\u00f6relse \u00e4r noll. Det h\u00e4nder ingenting, fr\u00e5nsett n\u00e4r han kastar sig bak\u00e5t och filmar. Bort med de grejerna, ge han 5 000 i b\u00f6ter! Bra, det r\u00e4cker s\u00e5. Tack!, utbrister Berglund innan han l\u00e4gger ner mikrofonen i bordet och presskonferensen avbryts abrupt. <\/p>\n<p>Se hela presskonferensen och ordbr\u00e5kdet mellan Thomas Berglund och Anton Blomqvist <a href=\"https:\/\/www.luleahockey.se\/article\/tpbat3v-30c4d\/view\" rel=\"nofollow noopener\" target=\"_blank\"><strong>H\u00c4R<\/strong><\/a>.<\/p>\n<p> Source: <a href=\"https:\/\/www.eliteprospects.com\/league\/shl\" target=\"_blank\" rel=\"noopener noreferrer nofollow\">SHL League Page<\/a> @ Elite Prospects<\/p>\n","protected":false},"excerpt":{"rendered":"Det blev heta k\u00e4nslor p\u00e5 presskonferensen efter SHL-matchen mellan Lule\u00e5 och HV71. Tr\u00e4narna Thomas \u201dBulan\u201d Berglund och Anton&hellip;\n","protected":false},"author":2,"featured_media":51861,"comment_status":"","ping_status":"","sticky":false,"template":"","format":"standard","meta":{"footnotes":""},"categories":[68],"tags":[34,133,134,111,110,31,33,32,30],"class_list":{"0":"post-51860","1":"post","2":"type-post","3":"status-publish","4":"format-standard","5":"has-post-thumbnail","7":"category-sport","8":"tag-se","9":"tag-second-news","10":"tag-shl","11":"tag-sport","12":"tag-sports","13":"tag-svenska","14":"tag-sverige","15":"tag-sweden","16":"tag-swedish"},"share_on_mastodon":{"url":"","error":""},"_links":{"self":[{"href":"https:\/\/www.europesays.com\/se\/wp-json\/wp\/v2\/posts\/51860","targetHints":{"allow":["GET"]}}],"collection":[{"href":"https:\/\/www.europesays.com\/se\/wp-json\/wp\/v2\/posts"}],"about":[{"href":"https:\/\/www.europesays.com\/se\/wp-json\/wp\/v2\/types\/post"}],"author":[{"embeddable":true,"href":"https:\/\/www.europesays.com\/se\/wp-json\/wp\/v2\/users\/2"}],"replies":[{"embeddable":true,"href":"https:\/\/www.europesays.com\/se\/wp-json\/wp\/v2\/comments?post=51860"}],"version-history":[{"count":0,"href":"https:\/\/www.europesays.com\/se\/wp-json\/wp\/v2\/posts\/51860\/revisions"}],"wp:featuredmedia":[{"embeddable":true,"href":"https:\/\/www.europesays.com\/se\/wp-json\/wp\/v2\/media\/51861"}],"wp:attachment":[{"href":"https:\/\/www.europesays.com\/se\/wp-json\/wp\/v2\/media?parent=51860"}],"wp:term":[{"taxonomy":"category","embeddable":true,"href":"https:\/\/www.europesays.com\/se\/wp-json\/wp\/v2\/categories?post=51860"},{"taxonomy":"post_tag","embeddable":true,"href":"https:\/\/www.europesays.com\/se\/wp-json\/wp\/v2\/tags?post=51860"}],"curies":[{"name":"wp","href":"https:\/\/api.w.org\/{rel}","templated":true}]}}