{"id":51879,"date":"2025-10-10T03:38:17","date_gmt":"2025-10-10T03:38:17","guid":{"rendered":"https:\/\/www.europesays.com\/se\/51879\/"},"modified":"2025-10-10T03:38:17","modified_gmt":"2025-10-10T03:38:17","slug":"nordea-upprepar-salj-for-bioarctic-investerare-underskattar-langsamt-upptag-av-leqembi-2","status":"publish","type":"post","link":"https:\/\/www.europesays.com\/se\/51879\/","title":{"rendered":"Nordea upprepar s\u00e4lj f\u00f6r Bioarctic, investerare underskattar l\u00e5ngsamt upptag av Leqembi"},"content":{"rendered":"<p>&#13;<br \/>\n                        Banken noterar att Bioarctics rimliga v\u00e4rde ligger p\u00e5 runt 220 kronor om man v\u00e4rderar bolaget utifr\u00e5n dess delar (sum-of-the-parts), vilket ocks\u00e5 \u00e4r den fortsatt g\u00e4llande riktkursen.<\/p>\n<p>Bioarctic d\u00e4remot handlas kring 300 kronor-strecket. Vid den niv\u00e5n anses potentialen f\u00f6r Braintransporter-teknologin vara inprisad, samtidigt som banken varnar f\u00f6r att \u201cinvesterare inte fullt ut inser det fortsatt l\u00e5ngsamma upptaget av Leqembi\u201d.<\/p>\n<p>Men ett b\u00e4ttre \u00e4n v\u00e4ntat upptag f\u00f6r Leqembi, fr\u00e5n att l\u00e4kemedlet godk\u00e4nts f\u00f6r subkutan administrering, utg\u00f6r ocks\u00e5 den st\u00f6rsta uppsiderisken till Nordeas s\u00e4ljrekommendation, st\u00e5r det vidare i analysen.<\/p>\n<p>Bioarctic faller 7,2 procent p\u00e5 torsdagen.&#13;\n                    <\/p>\n","protected":false},"excerpt":{"rendered":"&#13; Banken noterar att Bioarctics rimliga v\u00e4rde ligger p\u00e5 runt 220 kronor om man v\u00e4rderar bolaget utifr\u00e5n dess&hellip;\n","protected":false},"author":2,"featured_media":51880,"comment_status":"","ping_status":"","sticky":false,"template":"","format":"standard","meta":{"footnotes":""},"categories":[65],"tags":[72,70,71,454,453,451,452,34,31,33,32,30,455],"class_list":{"0":"post-51879","1":"post","2":"type-post","3":"status-publish","4":"format-standard","5":"has-post-thumbnail","7":"category-ekonomi","8":"tag-business","9":"tag-economy","10":"tag-ekonomi","11":"tag-ekonomisk-analys","12":"tag-finans","13":"tag-finansiella-nyheter","14":"tag-investera","15":"tag-se","16":"tag-svenska","17":"tag-sverige","18":"tag-sweden","19":"tag-swedish","20":"tag-trading"},"share_on_mastodon":{"url":"","error":""},"_links":{"self":[{"href":"https:\/\/www.europesays.com\/se\/wp-json\/wp\/v2\/posts\/51879","targetHints":{"allow":["GET"]}}],"collection":[{"href":"https:\/\/www.europesays.com\/se\/wp-json\/wp\/v2\/posts"}],"about":[{"href":"https:\/\/www.europesays.com\/se\/wp-json\/wp\/v2\/types\/post"}],"author":[{"embeddable":true,"href":"https:\/\/www.europesays.com\/se\/wp-json\/wp\/v2\/users\/2"}],"replies":[{"embeddable":true,"href":"https:\/\/www.europesays.com\/se\/wp-json\/wp\/v2\/comments?post=51879"}],"version-history":[{"count":0,"href":"https:\/\/www.europesays.com\/se\/wp-json\/wp\/v2\/posts\/51879\/revisions"}],"wp:featuredmedia":[{"embeddable":true,"href":"https:\/\/www.europesays.com\/se\/wp-json\/wp\/v2\/media\/51880"}],"wp:attachment":[{"href":"https:\/\/www.europesays.com\/se\/wp-json\/wp\/v2\/media?parent=51879"}],"wp:term":[{"taxonomy":"category","embeddable":true,"href":"https:\/\/www.europesays.com\/se\/wp-json\/wp\/v2\/categories?post=51879"},{"taxonomy":"post_tag","embeddable":true,"href":"https:\/\/www.europesays.com\/se\/wp-json\/wp\/v2\/tags?post=51879"}],"curies":[{"name":"wp","href":"https:\/\/api.w.org\/{rel}","templated":true}]}}