{"id":51892,"date":"2025-10-10T04:02:25","date_gmt":"2025-10-10T04:02:25","guid":{"rendered":"https:\/\/www.europesays.com\/se\/51892\/"},"modified":"2025-10-10T04:02:25","modified_gmt":"2025-10-10T04:02:25","slug":"sverige-star-utan-elreserv-hushall-kan-fa-betala","status":"publish","type":"post","link":"https:\/\/www.europesays.com\/se\/51892\/","title":{"rendered":"Sverige st\u00e5r utan elreserv \u2013 hush\u00e5ll kan f\u00e5 betala"},"content":{"rendered":"<p>\u00d6kar risken f\u00f6r bortkoppling<\/p>\n<p>Utan en s\u00e5dan resurs \u00e5terst\u00e5r endast prissignaler och tv\u00e5ngsavst\u00e4ngningar som verktyg f\u00f6r att balansera systemet.<\/p>\n<p>Det inneb\u00e4r att hela omr\u00e5den och kunder riskerar att kopplas bort om efterfr\u00e5gan pl\u00f6tsligt \u00f6verstiger tillg\u00e5ngen.<\/p>\n<p>\u201dDet \u00e4r mycket bekymmersamt. Vi saknar nu f\u00f6r f\u00f6rsta g\u00e5ngen p\u00e5 l\u00e4nge den f\u00f6rs\u00e4kring som vi har haft och som kunnat anv\u00e4ndas n\u00e4r alla andra m\u00f6jligheter \u00e4r utt\u00f6mda f\u00f6r att undvika akut effektbrist\u201d, s\u00e4ger <strong>Pontus de Mar\u00e9<\/strong>, driftchef p\u00e5 Svenska kraftn\u00e4t, till Di.<\/p>\n<p>\u201dV\u00e4ldigt allvarligt\u201d<\/p>\n<p>N\u00e4ringslivet varnar nu f\u00f6r konsekvenserna. Industrins energisamarbete SKGS menar att utebliven reserv kan sl\u00e5 h\u00e5rt mot elintensiva f\u00f6retag, som redan verkar under pressade f\u00f6ruts\u00e4ttningar.<\/p>\n<p>\u201dDet \u00e4r v\u00e4ldigt allvarligt, med tanke p\u00e5 de stora negativa konsekvenser som akuta elbristsituationer kan medf\u00f6ra inte bara f\u00f6r industrin utan hela samh\u00e4llet\u201d, s\u00e4ger <strong>Johan Bruce<\/strong>, verksamhetsansvarig f\u00f6r SKGS, till <a href=\"https:\/\/www.di.se\/nyheter\/industrin-varnar-foretag-och-hushall-far-betala-notan\/\" rel=\"nofollow noopener\" target=\"_blank\">Di<\/a>.<\/p>\n<p>Tittar p\u00e5 andra \u00e5tg\u00e4rder<\/p>\n<p>Ett f\u00f6rslag fr\u00e5n industrin \u00e4r att \u00f6ppna upp f\u00f6r en modell d\u00e4r f\u00f6retag kan delta i upphandlingen genom att erbjuda minskad elf\u00f6rbrukning mot ers\u00e4ttning.<\/p>\n<p>Detta skulle kunna fungera som en alternativ reserv <a href=\"https:\/\/www.realtid.se\/samhalle-hallbarhet\/sveriges-el-system-starkare-an-nagonsin-och-mer-sarbart\/\" rel=\"nofollow noopener\" target=\"_blank\">n\u00e4r produktionen inte r\u00e4cker till<\/a>.<\/p>\n<p>Samtidigt p\u00e5g\u00e5r diskussioner mellan regeringen, Svenska kraftn\u00e4t och Energimarknadsinspektionen om hur problemet ska l\u00f6sas inf\u00f6r kommande vintrar, skriver <a href=\"https:\/\/www.energinyheter.se\/20251007\/33829\/sverige-far-klara-sig-utan-reserv-i-vinter\" rel=\"nofollow noopener\" target=\"_blank\">Energinyheter.se<\/a>.<\/p>\n<p>Br\u00e5dskande behov<\/p>\n<p>En m\u00f6jlig \u00e5tg\u00e4rd \u00e4r att h\u00f6ja takpriset i statsst\u00f6dsreglerna, n\u00e5got som skulle ge fler akt\u00f6rer m\u00f6jlighet att delta p\u00e5 ekonomiskt rimliga villkor.<\/p>\n<p>Risken f\u00f6r akut effektbrist bed\u00f6ms vara relativt l\u00e5g i vinter, men \u00f6kar de kommande \u00e5ren i takt med att elsystemet blir mer anstr\u00e4ngt. D\u00e4rmed ses behovet av en l\u00e5ngsiktig l\u00f6sning som br\u00e5dskande.<\/p>\n<p>L\u00e4s mer fr\u00e5n Realtid &#8211; v\u00e5rt nyhetsbrev \u00e4r kostnadsfritt:Prenumerera<\/p>\n","protected":false},"excerpt":{"rendered":"\u00d6kar risken f\u00f6r bortkoppling Utan en s\u00e5dan resurs \u00e5terst\u00e5r endast prissignaler och tv\u00e5ngsavst\u00e4ngningar som verktyg f\u00f6r att balansera&hellip;\n","protected":false},"author":2,"featured_media":51893,"comment_status":"","ping_status":"","sticky":false,"template":"","format":"standard","meta":{"footnotes":""},"categories":[65],"tags":[72,70,71,2305,5088,34,31,4952,33,32,30],"class_list":{"0":"post-51892","1":"post","2":"type-post","3":"status-publish","4":"format-standard","5":"has-post-thumbnail","7":"category-ekonomi","8":"tag-business","9":"tag-economy","10":"tag-ekonomi","11":"tag-elektricitet","12":"tag-myndigheter","13":"tag-se","14":"tag-svenska","15":"tag-svenska-kraftnat","16":"tag-sverige","17":"tag-sweden","18":"tag-swedish"},"share_on_mastodon":{"url":"","error":""},"_links":{"self":[{"href":"https:\/\/www.europesays.com\/se\/wp-json\/wp\/v2\/posts\/51892","targetHints":{"allow":["GET"]}}],"collection":[{"href":"https:\/\/www.europesays.com\/se\/wp-json\/wp\/v2\/posts"}],"about":[{"href":"https:\/\/www.europesays.com\/se\/wp-json\/wp\/v2\/types\/post"}],"author":[{"embeddable":true,"href":"https:\/\/www.europesays.com\/se\/wp-json\/wp\/v2\/users\/2"}],"replies":[{"embeddable":true,"href":"https:\/\/www.europesays.com\/se\/wp-json\/wp\/v2\/comments?post=51892"}],"version-history":[{"count":0,"href":"https:\/\/www.europesays.com\/se\/wp-json\/wp\/v2\/posts\/51892\/revisions"}],"wp:featuredmedia":[{"embeddable":true,"href":"https:\/\/www.europesays.com\/se\/wp-json\/wp\/v2\/media\/51893"}],"wp:attachment":[{"href":"https:\/\/www.europesays.com\/se\/wp-json\/wp\/v2\/media?parent=51892"}],"wp:term":[{"taxonomy":"category","embeddable":true,"href":"https:\/\/www.europesays.com\/se\/wp-json\/wp\/v2\/categories?post=51892"},{"taxonomy":"post_tag","embeddable":true,"href":"https:\/\/www.europesays.com\/se\/wp-json\/wp\/v2\/tags?post=51892"}],"curies":[{"name":"wp","href":"https:\/\/api.w.org\/{rel}","templated":true}]}}