{"id":52047,"date":"2025-10-10T07:38:08","date_gmt":"2025-10-10T07:38:08","guid":{"rendered":"https:\/\/www.europesays.com\/se\/52047\/"},"modified":"2025-10-10T07:38:08","modified_gmt":"2025-10-10T07:38:08","slug":"usa-pa-vag-mot-nagot-slags-inbordeskrig","status":"publish","type":"post","link":"https:\/\/www.europesays.com\/se\/52047\/","title":{"rendered":"USA p\u00e5 v\u00e4g mot \u201dn\u00e5got slags\u201d inb\u00f6rdeskrig"},"content":{"rendered":"<p>Investerings\u00e4sset Ray Dalio tror att USA \u00e4r p\u00e5 v\u00e4g mot \u201dett inb\u00f6rdeskrig av n\u00e5got slag\u201d.<\/p>\n<p>\u2013 Om vi inte oroar oss f\u00f6r de h\u00e4r sakerna s\u00e5 \u00f6kar riskerna, s\u00e4ger han i en intervju med Bloomberg.<\/p>\n<p>Bridgewater-grundaren anser att of\u00f6renliga samh\u00e4llsstr\u00f6mningar n\u00e4rmar sig en kraftm\u00e4tning. Samma tendenser syns ocks\u00e5 i resten av v\u00e4rlden, anser han.<\/p>\n<p>N\u00e5got annat som g\u00f6r Dalio bekymrad \u00e4r USA:s v\u00e4xande skuldberg. S\u00e4rskilt varnar han f\u00f6r att l\u00e5ta skulds\u00e4ttningen \u00f6ka snabbare \u00e4n inkomster.<\/p>\n<p>\u2013 Det \u00e4r som plack i art\u00e4rerna. Till slut b\u00f6rjar det pressa utgifterna.<\/p>\n<p>Omni \u00e4r politiskt obundna och oberoende. Vi str\u00e4var efter att ge fler perspektiv p\u00e5 nyheterna. Har du fr\u00e5gor eller synpunkter kring v\u00e5r rapportering? <a href=\"https:\/\/omni.se\/ray-dalio-usa-pa-vag-mot-nagot-slags-inbordeskrig\/a\/mailto:redaktion@omni.se\" class=\"ArticleActions_contactLink__W2F1M\" rel=\"nofollow noopener\" target=\"_blank\">Kontakta redaktionen<\/a><\/p>\n","protected":false},"excerpt":{"rendered":"Investerings\u00e4sset Ray Dalio tror att USA \u00e4r p\u00e5 v\u00e4g mot \u201dett inb\u00f6rdeskrig av n\u00e5got slag\u201d. \u2013 Om vi&hellip;\n","protected":false},"author":2,"featured_media":52048,"comment_status":"","ping_status":"","sticky":false,"template":"","format":"standard","meta":{"footnotes":""},"categories":[65],"tags":[387,72,70,71,268,3956,34,31,33,32,30,74],"class_list":{"0":"post-52047","1":"post","2":"type-post","3":"status-publish","4":"format-standard","5":"has-post-thumbnail","7":"category-ekonomi","8":"tag-amerikansk-politik","9":"tag-business","10":"tag-economy","11":"tag-ekonomi","12":"tag-nordamerika","13":"tag-ray-dalio","14":"tag-se","15":"tag-svenska","16":"tag-sverige","17":"tag-sweden","18":"tag-swedish","19":"tag-usa"},"share_on_mastodon":{"url":"","error":""},"_links":{"self":[{"href":"https:\/\/www.europesays.com\/se\/wp-json\/wp\/v2\/posts\/52047","targetHints":{"allow":["GET"]}}],"collection":[{"href":"https:\/\/www.europesays.com\/se\/wp-json\/wp\/v2\/posts"}],"about":[{"href":"https:\/\/www.europesays.com\/se\/wp-json\/wp\/v2\/types\/post"}],"author":[{"embeddable":true,"href":"https:\/\/www.europesays.com\/se\/wp-json\/wp\/v2\/users\/2"}],"replies":[{"embeddable":true,"href":"https:\/\/www.europesays.com\/se\/wp-json\/wp\/v2\/comments?post=52047"}],"version-history":[{"count":0,"href":"https:\/\/www.europesays.com\/se\/wp-json\/wp\/v2\/posts\/52047\/revisions"}],"wp:featuredmedia":[{"embeddable":true,"href":"https:\/\/www.europesays.com\/se\/wp-json\/wp\/v2\/media\/52048"}],"wp:attachment":[{"href":"https:\/\/www.europesays.com\/se\/wp-json\/wp\/v2\/media?parent=52047"}],"wp:term":[{"taxonomy":"category","embeddable":true,"href":"https:\/\/www.europesays.com\/se\/wp-json\/wp\/v2\/categories?post=52047"},{"taxonomy":"post_tag","embeddable":true,"href":"https:\/\/www.europesays.com\/se\/wp-json\/wp\/v2\/tags?post=52047"}],"curies":[{"name":"wp","href":"https:\/\/api.w.org\/{rel}","templated":true}]}}