{"id":52348,"date":"2025-10-10T14:06:07","date_gmt":"2025-10-10T14:06:07","guid":{"rendered":"https:\/\/www.europesays.com\/se\/52348\/"},"modified":"2025-10-10T14:06:07","modified_gmt":"2025-10-10T14:06:07","slug":"kronprinsessan-victoria-pa-officiellt-besok-i-japan","status":"publish","type":"post","link":"https:\/\/www.europesays.com\/se\/52348\/","title":{"rendered":"Kronprinsessan Victoria p\u00e5 officiellt bes\u00f6k i Japan"},"content":{"rendered":"<p>Publicerad 10 okt 2025 kl 15.48<\/p>\n<p>Hello Kitty eller Hello Vicky?<br \/>Kronprinsessan skojade om att hon f\u00f6rs\u00f6kte se ut som den japanska katten under v\u00e4rldsutst\u00e4llningen i Osaka.<br \/>Men bakom kl\u00e4dvalet finns ett viktigt budskap.\u00a0<\/p>\n<p>Senaste nyhetsklippen fr\u00e5n Expressen.<img   alt=\"\"\/><\/p>\n<p>Kronprinsessan framf\u00f6r en installation d\u00e4r varje gr\u00f6nm\u00e5lad Hello Kitty personifierar en viktig alg.<\/p>\n<p>Foto: SVEN LINDWALL<\/p>\n<p>\u00d6ppna bild i helsk\u00e4rm<img loading=\"lazy\"   alt=\"\"\/><\/p>\n<p>Uppskattad g\u00e4st. Kronprinsessan var p\u00e5 v\u00e4rldsutst\u00e4llningen fr\u00e5n tidig morgon till sen kv\u00e4ll.<\/p>\n<p>Foto: SVEN LINDWALL<\/p>\n<p>\u00d6ppna bild i helsk\u00e4rm<img loading=\"lazy\"   alt=\"\"\/><\/p>\n<p>Victoria och civilminister Erik Slottner som \u00e4r med under bes\u00f6ket i Osaka.<\/p>\n<p>Foto: SVEN LINDWALL<\/p>\n<p>\u00d6ppna bild i helsk\u00e4rm<\/p>\n<p><a href=\"https:\/\/www.expressen.se\/tagg\/person\/kronprinsessan-victoria\/\" class=\"\" rel=\"nofollow noopener\" target=\"_blank\">Kronprinsessan Victoria<\/a> befinner sig i Japan f\u00f6r ett officiellt bes\u00f6k som ocks\u00e5 tar henne till Sydkorea.\u00a0<\/p>\n<p>Under fredagen bes\u00f6kte hon v\u00e4rldsutst\u00e4llningen i Osaka, och fick d\u00e5 en guidad tur i den nordiska paviljongen, men ocks\u00e5 i Japans motsvarighet, d\u00e4r man liksom Sverige valt h\u00e5llbarhet som tema.\u00a0<\/p>\n<p>D\u00e5 hamnade kronprinsessan framf\u00f6r en v\u00e4gg av gr\u00f6na Hello Kittys d\u00e4r varje katt skulle motsvara en viktig alg.\u00a0<\/p>\n<p>Hello Kitty \u00e4r en av Japans stora exportsucc\u00e9er.<\/p>\n<p>Och n\u00e4r en pressfotograf undrade om kronprinsessan valt sin gr\u00f6na byxdress f\u00f6r att matcha den gr\u00f6na v\u00e4ggen, kunde Victoria inte motst\u00e5 ett sk\u00e4mt.<\/p>\n<p>\u2013 Ja, jag t\u00e4nkte att jag skulle vara som en Hello Kitty, sa hon och skrattade.<\/p>\n<p><img loading=\"lazy\"   alt=\"\"\/><\/p>\n<p>Expressens reporter Robert B\u00f6rjesson intervjuar kronprinsessan Victoria i Osaka.<\/p>\n<p>Foto: SVEN LINDWALL<\/p>\n<p>\u00d6ppna bild i helsk\u00e4rm<img loading=\"lazy\"   alt=\"\"\/><\/p>\n<p>Kronprinsessan ser sig om p\u00e5 Japans paviljong p\u00e5 V\u00e4rldsutst\u00e4llningen.<\/p>\n<p>Foto: SVEN LINDWALL<\/p>\n<p>\u00d6ppna bild i helsk\u00e4rmTalade f\u00f6r barnen<\/p>\n<p>Under dagen tr\u00e4ffade kronprinsessan ocks\u00e5 japanska skolbarn som p\u00e5 olika s\u00e4tt arbetar f\u00f6r en b\u00e4ttre milj\u00f6.\u00a0<\/p>\n<p>Eleverna inspirerade kronprinsessan s\u00e5 mycket att hon \u00e4ndrade sitt \u00f6ppningstal under aff\u00e4rsforumet Sweden-Japan Sustainability Summit.\u00a0<\/p>\n<p>Kronprinsessan Victoria, engagerad i h\u00e5llbarhetsfr\u00e5gor under l\u00e5ng tid, valde att bli deras r\u00f6st n\u00e4r hon talade inf\u00f6r en sal full av svenska och japanska f\u00f6retagsledare och politiker.<\/p>\n<p>\u201dN\u00e4sta generation f\u00f6rv\u00e4ntar sig att vi agerar, och det snabbt\u201d, sa kronprinsessan och m\u00f6ttes av appl\u00e5der.\u00a0<\/p>\n<p>Hon ville f\u00f6rmedla barnens hoppfullhet.<\/p>\n<p>\u2013 Jag tycker att det h\u00e4r med hopp \u00e4r s\u00e5 otroligt viktigt, s\u00e4ger hon n\u00e4r Expressen m\u00f6ter henne efter talet.\u00a0<\/p>\n<p>\u2013 N\u00e4r jag nu har tr\u00e4ffat de h\u00e4r ungdomarna och ser hur uppfyllda de \u00e4r av att f\u00e5 bidra och g\u00f6ra n\u00e5got som \u00e4r positivt, i det h\u00e4r fallet utvecklingen av haven, s\u00e5 ger det mig verkligen hopp.\u00a0<\/p>\n<p><img loading=\"lazy\"   alt=\"\"\/><\/p>\n<p>Kronprinsessan tr\u00e4ffar japanska skolbarn och Nishikawa Honoka som utvecklar ny teknik f\u00f6r att r\u00e4dda havet.<\/p>\n<p>Foto: SVEN LINDWALL<\/p>\n<p>\u00d6ppna bild i helsk\u00e4rmViktiga kl\u00e4dkuppen<\/p>\n<p>Barnen ber\u00f6rde henne.\u00a0<\/p>\n<p>\u2013 De \u00e4r s\u00e5 dedikerade att l\u00f6sa n\u00e5gra av de stora problemen, s\u00e4ger hon.<\/p>\n<p><strong>Kronprinsessan f\u00f6rmedlade att n\u00e4sta generation f\u00f6rv\u00e4ntar sig att vi g\u00f6r n\u00e5got?<\/strong><\/p>\n<p>\u2013 Ja. S\u00e5 \u00e4r det. Vi har ett st\u00f6rre ansvar \u00e4n bara h\u00e4r och nu.<\/p>\n<p>Den gr\u00f6na byxdressen handlade naturligtvis inte om den japanska exportsucc\u00e9n Hello Kitty.\u00a0<\/p>\n<p>Kl\u00e4dvalet var ett milj\u00f6budskap.<\/p>\n<p>\u2013 Jag f\u00f6rs\u00f6ker, s\u00e4ger kronprinsessan och ler.<\/p>\n<p><img loading=\"lazy\"   alt=\"\"\/><\/p>\n<p>Expressens reporter Robert B\u00f6rjesson och fotograf Sven Lindwall p\u00e5 plats i Osaka, Japan.<\/p>\n<p>Foto: SVEN LINDWALL<\/p>\n<p>\u00d6ppna bild i helsk\u00e4rm<\/p>\n","protected":false},"excerpt":{"rendered":"Publicerad 10 okt 2025 kl 15.48 Hello Kitty eller Hello Vicky?Kronprinsessan skojade om att hon f\u00f6rs\u00f6kte se ut&hellip;\n","protected":false},"author":2,"featured_media":52349,"comment_status":"","ping_status":"","sticky":false,"template":"","format":"standard","meta":{"footnotes":""},"categories":[5],"tags":[22,23,26,27,17,21,24,25,964,28,29,15,16,1703,18,34,612,31,33,32,30,19,20],"class_list":{"0":"post-52348","1":"post","2":"type-post","3":"status-publish","4":"format-standard","5":"has-post-thumbnail","7":"category-rubriker","8":"tag-breaking-news","9":"tag-breakingnews","10":"tag-featured-news","11":"tag-featurednews","12":"tag-headlines","13":"tag-huvudnyheter","14":"tag-latest-news","15":"tag-latestnews","16":"tag-location-japan","17":"tag-main-news","18":"tag-mainnews","19":"tag-news","20":"tag-nyheter","21":"tag-person-kronprinsessan-victoria","22":"tag-rubriker","23":"tag-se","24":"tag-sections-kungligt","25":"tag-svenska","26":"tag-sverige","27":"tag-sweden","28":"tag-swedish","29":"tag-top-stories","30":"tag-topstories"},"share_on_mastodon":{"url":"","error":""},"_links":{"self":[{"href":"https:\/\/www.europesays.com\/se\/wp-json\/wp\/v2\/posts\/52348","targetHints":{"allow":["GET"]}}],"collection":[{"href":"https:\/\/www.europesays.com\/se\/wp-json\/wp\/v2\/posts"}],"about":[{"href":"https:\/\/www.europesays.com\/se\/wp-json\/wp\/v2\/types\/post"}],"author":[{"embeddable":true,"href":"https:\/\/www.europesays.com\/se\/wp-json\/wp\/v2\/users\/2"}],"replies":[{"embeddable":true,"href":"https:\/\/www.europesays.com\/se\/wp-json\/wp\/v2\/comments?post=52348"}],"version-history":[{"count":0,"href":"https:\/\/www.europesays.com\/se\/wp-json\/wp\/v2\/posts\/52348\/revisions"}],"wp:featuredmedia":[{"embeddable":true,"href":"https:\/\/www.europesays.com\/se\/wp-json\/wp\/v2\/media\/52349"}],"wp:attachment":[{"href":"https:\/\/www.europesays.com\/se\/wp-json\/wp\/v2\/media?parent=52348"}],"wp:term":[{"taxonomy":"category","embeddable":true,"href":"https:\/\/www.europesays.com\/se\/wp-json\/wp\/v2\/categories?post=52348"},{"taxonomy":"post_tag","embeddable":true,"href":"https:\/\/www.europesays.com\/se\/wp-json\/wp\/v2\/tags?post=52348"}],"curies":[{"name":"wp","href":"https:\/\/api.w.org\/{rel}","templated":true}]}}