{"id":52350,"date":"2025-10-10T14:11:23","date_gmt":"2025-10-10T14:11:23","guid":{"rendered":"https:\/\/www.europesays.com\/se\/52350\/"},"modified":"2025-10-10T14:11:23","modified_gmt":"2025-10-10T14:11:23","slug":"sheins-usa-forsaljning-faller-efter-trumps-tullbeslut-visar-bloomberg-data-borsvarlden","status":"publish","type":"post","link":"https:\/\/www.europesays.com\/se\/52350\/","title":{"rendered":"Sheins USA-f\u00f6rs\u00e4ljning faller efter Trumps tullbeslut visar Bloomberg-data &#8211; B\u00f6rsv\u00e4rlden"},"content":{"rendered":"<ol>\n<li><a href=\"https:\/\/news.google.com\/rss\/articles\/CBMiqwFBVV95cUxNMlBLYnJlb3M1TGxKcnZGNUpJTDFQSFlORlRrbXpnWkZaN3FOUkNLaVU0OG5wSFF0aUJIMnlHWWlBcTd0cWctT0hPRzhOTmwzLURiQkhmSl9YbzRxNlpYck9mZVVleUpnampVSG1HTmt4LV9yWm8xTWJKYjgyOEJHSldiYm5iYmEwU3ZlbW5VZlI3aEVHVnZEQkhNeVFGZEF3aFVycC1OVllNcVk?oc=5\" target=\"_blank\" rel=\"nofollow noopener\">Sheins USA-f\u00f6rs\u00e4ljning faller efter Trumps tullbeslut visar Bloomberg-data<\/a>&nbsp;&nbsp;B\u00f6rsv\u00e4rlden<\/li>\n<li><a href=\"https:\/\/news.google.com\/rss\/articles\/CBMipwFBVV95cUxQYW5XRWlqSnJwNXdZcFRnZVlTWWhfRmthWHBvNEk1X0pQRG5GbWtRSzZibmRZZkMtdDNnQnpteW9xZ25mNm5FVFJTZjUyeGwtWjhrNW9Ya2hDci1VbUdTUFIyTms2LXc0c2l3V1R1QjVlbnBpUVNVYW1QNXVmZnNwd3RsTnhQRTZKR0NzdEpuNHgwaUFfT0RnWjNtUFBwcnVUU1ZKa0x1RQ?oc=5\" target=\"_blank\" rel=\"nofollow noopener\">F\u00d6RS\u00c4LJNINGEN F\u00d6R KINESISKA SHEIN SJUNKER I USA &#8211; BN<\/a>&nbsp;&nbsp;Placera.se<\/li>\n<li><a href=\"https:\/\/news.google.com\/rss\/articles\/CBMiuwFBVV95cUxPYXQyVDRYTjE1ckMtWnFWX3dhdlU0cFYzbEQySFk0V0lmeFFDRG84cmxIUGVZNmRFcDFuTlA2bUlpQ3ZlRFJ1TFFMYklfZGl1bWNaSTJWaUlBZWc2eUlnUWdzcV8zQ1hfY2p4VkFZZGpENUItd2h3Sm9raEdLUnRsQTdxekJDYmYzT0pSYkJvNjFaQnpZWWNiVXZVbm1XVjNYQzdaY2g4eGZ4bzQ5NnVSZXdFRmdDRDdMcjhr?oc=5\" target=\"_blank\" rel=\"nofollow noopener\">Kommer billig shopping att f\u00e5 ett slut? Tyskland inleder utredning mot Temu<\/a>&nbsp;&nbsp;\u0421\u043b\u043e\u0431\u043e\u0434\u0435\u043d \u043f\u0435\u0447\u0430\u0442<\/li>\n<li><a href=\"https:\/\/news.google.com\/rss\/articles\/CBMiyAFBVV95cUxPckVsdHdDa1ZZSEV5S2xqRnJudkppSmlWSXZOUXhhclNEeDVWU1hfd0gyNmJYdHNBTUY3bW1jc1czTm1ibnd4T3NmNGV3cl9BVE5WOV80enN4MEQ0VjBhdkIwaFpZNWNDcEVDZGF4aDVxVzQ3YjNHU0c2WGh1Qi1wMzlOdGpvb0E3dE1hZnczLUNpRURUblBzY0Q0c0NZM1FiQ1dWdjZDM2RNMndEaEZTbEVNZ1R1MmhJX0oydDFhU25WS3NtM0cyUQ?oc=5\" target=\"_blank\" rel=\"nofollow noopener\">Temu m\u00f6ter tysk kartellutredning g\u00e4llande priss\u00e4ttningspraxis mot handlare av Investing.com<\/a>&nbsp;&nbsp;Investing.com Sverige<\/li>\n<\/ol>\n","protected":false},"excerpt":{"rendered":"Sheins USA-f\u00f6rs\u00e4ljning faller efter Trumps tullbeslut visar Bloomberg-data&nbsp;&nbsp;B\u00f6rsv\u00e4rlden F\u00d6RS\u00c4LJNINGEN F\u00d6R KINESISKA SHEIN SJUNKER I USA &#8211; BN&nbsp;&nbsp;Placera.se Kommer&hellip;\n","protected":false},"author":2,"featured_media":52351,"comment_status":"","ping_status":"","sticky":false,"template":"","format":"standard","meta":{"footnotes":""},"categories":[65],"tags":[72,70,71,454,453,451,452,34,31,33,32,30,455],"class_list":{"0":"post-52350","1":"post","2":"type-post","3":"status-publish","4":"format-standard","5":"has-post-thumbnail","7":"category-ekonomi","8":"tag-business","9":"tag-economy","10":"tag-ekonomi","11":"tag-ekonomisk-analys","12":"tag-finans","13":"tag-finansiella-nyheter","14":"tag-investera","15":"tag-se","16":"tag-svenska","17":"tag-sverige","18":"tag-sweden","19":"tag-swedish","20":"tag-trading"},"share_on_mastodon":{"url":"","error":""},"_links":{"self":[{"href":"https:\/\/www.europesays.com\/se\/wp-json\/wp\/v2\/posts\/52350","targetHints":{"allow":["GET"]}}],"collection":[{"href":"https:\/\/www.europesays.com\/se\/wp-json\/wp\/v2\/posts"}],"about":[{"href":"https:\/\/www.europesays.com\/se\/wp-json\/wp\/v2\/types\/post"}],"author":[{"embeddable":true,"href":"https:\/\/www.europesays.com\/se\/wp-json\/wp\/v2\/users\/2"}],"replies":[{"embeddable":true,"href":"https:\/\/www.europesays.com\/se\/wp-json\/wp\/v2\/comments?post=52350"}],"version-history":[{"count":0,"href":"https:\/\/www.europesays.com\/se\/wp-json\/wp\/v2\/posts\/52350\/revisions"}],"wp:featuredmedia":[{"embeddable":true,"href":"https:\/\/www.europesays.com\/se\/wp-json\/wp\/v2\/media\/52351"}],"wp:attachment":[{"href":"https:\/\/www.europesays.com\/se\/wp-json\/wp\/v2\/media?parent=52350"}],"wp:term":[{"taxonomy":"category","embeddable":true,"href":"https:\/\/www.europesays.com\/se\/wp-json\/wp\/v2\/categories?post=52350"},{"taxonomy":"post_tag","embeddable":true,"href":"https:\/\/www.europesays.com\/se\/wp-json\/wp\/v2\/tags?post=52350"}],"curies":[{"name":"wp","href":"https:\/\/api.w.org\/{rel}","templated":true}]}}