{"id":52414,"date":"2025-10-10T15:28:08","date_gmt":"2025-10-10T15:28:08","guid":{"rendered":"https:\/\/www.europesays.com\/se\/52414\/"},"modified":"2025-10-10T15:28:08","modified_gmt":"2025-10-10T15:28:08","slug":"bryter-med-farjestad-ville-inte-sta-i-vagen","status":"publish","type":"post","link":"https:\/\/www.europesays.com\/se\/52414\/","title":{"rendered":"Bryter med F\u00e4rjestad: &#8221;Ville inte st\u00e5 i v\u00e4gen&#8221;"},"content":{"rendered":"<p><strong>I inledningen av s\u00e4songen har August Tornberg varit petad i <a href=\"https:\/\/hockeysverige.se\/klubb\/farjestad-bk\/\" rel=\"nofollow noopener\" target=\"_blank\">F\u00e4rjestad<\/a>. <br \/>Nu meddelar <a href=\"https:\/\/hockeysverige.se\/shl\/\" rel=\"nofollow noopener\" target=\"_blank\">SHL<\/a>-klubben att man valt att g\u00e5 skilda v\u00e4gar med den 33-\u00e5rige backen. <br \/>\u2013\u00a0Vi ville inte st\u00e5 i v\u00e4gen f\u00f6r August, s\u00e4ger Rickard Wallin under fredagen. <\/strong><\/p>\n<p><img loading=\"lazy\" decoding=\"async\" width=\"1024\" height=\"658\" src=\"https:\/\/www.europesays.com\/se\/wp-content\/uploads\/2025\/10\/August-Tornberg--1024x658.webp.webp\" alt=\"\" class=\"wp-image-312105\"  \/>August Tornberg. Foto: Bildbyr\u00e5n\/Ola Westerberg. <\/p>\n<p>\u201dDen h\u00e5ller jag f\u00f6r mig sj\u00e4lv, men klart att vi har haft en dialog, det har vi med alla som spelar eller inte spelar\u201d<\/p>\n<p>Det var J\u00f6rgen J\u00f6nssons ord till <a href=\"https:\/\/www.vf.se\/2025\/09\/17\/fbk-backen-gor-sasongsdebut-mot-skelleftea-behover-hans-fysiska-spel-065e4\/\" rel=\"nofollow noopener\" target=\"_blank\">V\u00e4rmlands Folkblad<\/a> n\u00e4r han i slutet av september best\u00e4mde sig f\u00f6r att kasta in August Tornberg i spel mot Skellefte\u00e5. Backen hade dessf\u00f6rinnan suttit p\u00e5 l\u00e4ktaren d\u00e5 Albert Wikman och Noel Frans\u00e9n f\u00e5tt chansen, men klev in och spelade 15 minuter. <\/p>\n<p>Sedan dess har istiden blivit mindre och mindre igen. <\/p>\n<p>Nu st\u00e5r det klart att 33-\u00e5ringen l\u00e4mnar SHL-klubben efter att han sj\u00e4lv bett om att f\u00e5 l\u00e4mna f\u00f6r en ny utmaning. <\/p>\n<p>\u2013 Ja, August har kommit till oss och k\u00e4nt att han inte riktigt har hittat sin roll och kommit till sin r\u00e4tt, och d\u00e5 bett att f\u00e5 l\u00e4mna f\u00f6r en annan utmaning. Det har vi valt att g\u00e5tt med p\u00e5 d\u00e5 vi ser lite samma saker. Vi har ocks\u00e5 tv\u00e5 yngre backar i laget som har gjort det bra och \u00e4r p\u00e5 v\u00e4g fram\u00e5t, s\u00e5 att vi tycker att det \u00e4r en rimlig l\u00f6sning f\u00f6r b\u00e5da parter. Vi vill tacka August f\u00f6r hans insatser i v\u00e5r tr\u00f6ja och \u00f6nska honom och hans familj lycka till varhelst nu framtiden tar dem, s\u00e4ger sportdirekt\u00f6r Rickard Wallin i ett <a href=\"https:\/\/www.farjestadbk.se\/article\/6ajat3x-23h01\/view\" rel=\"nofollow noopener\" target=\"_blank\">uttalande.<\/a><\/p>\n<p>V\u00e4rvades fr\u00e5n V\u00e4ster\u00e5s och Hockeyallsvenskan<\/p>\n<p>August Tornberg kom till F\u00e4rjestad och SHL 2022, efter tv\u00e5 \u00e5r i Bj\u00f6rkl\u00f6ven och tv\u00e5 \u00e5r i V\u00e4ster\u00e5s. Innan dess var det Pite\u00e5 HC och Hockeyettan som var hans vardag. <\/p>\n<p>Nu \u00e5terst\u00e5r det att se var den 194 centimeter l\u00e5nga pj\u00e4sen v\u00e4ljer att flytta vidare. <\/p>\n<p>\u2013 Vi ville inte st\u00e5 i v\u00e4gen f\u00f6r August och vi har i samf\u00f6rst\u00e5nd kommit \u00f6verens att g\u00e5 skilda v\u00e4gar, s\u00e4ger Wallin.<\/p>\n<p> Source: <a href=\"https:\/\/www.eliteprospects.com\/player\/15796\/august-tornberg\" target=\"_blank\" rel=\"noopener noreferrer nofollow\">August Tornberg<\/a> @ Elite Prospects<\/p>\n","protected":false},"excerpt":{"rendered":"I inledningen av s\u00e4songen har August Tornberg varit petad i F\u00e4rjestad. Nu meddelar SHL-klubben att man valt att&hellip;\n","protected":false},"author":2,"featured_media":52415,"comment_status":"","ping_status":"","sticky":false,"template":"","format":"standard","meta":{"footnotes":""},"categories":[68],"tags":[34,133,134,111,110,31,33,32,30],"class_list":{"0":"post-52414","1":"post","2":"type-post","3":"status-publish","4":"format-standard","5":"has-post-thumbnail","7":"category-sport","8":"tag-se","9":"tag-second-news","10":"tag-shl","11":"tag-sport","12":"tag-sports","13":"tag-svenska","14":"tag-sverige","15":"tag-sweden","16":"tag-swedish"},"share_on_mastodon":{"url":"","error":""},"_links":{"self":[{"href":"https:\/\/www.europesays.com\/se\/wp-json\/wp\/v2\/posts\/52414","targetHints":{"allow":["GET"]}}],"collection":[{"href":"https:\/\/www.europesays.com\/se\/wp-json\/wp\/v2\/posts"}],"about":[{"href":"https:\/\/www.europesays.com\/se\/wp-json\/wp\/v2\/types\/post"}],"author":[{"embeddable":true,"href":"https:\/\/www.europesays.com\/se\/wp-json\/wp\/v2\/users\/2"}],"replies":[{"embeddable":true,"href":"https:\/\/www.europesays.com\/se\/wp-json\/wp\/v2\/comments?post=52414"}],"version-history":[{"count":0,"href":"https:\/\/www.europesays.com\/se\/wp-json\/wp\/v2\/posts\/52414\/revisions"}],"wp:featuredmedia":[{"embeddable":true,"href":"https:\/\/www.europesays.com\/se\/wp-json\/wp\/v2\/media\/52415"}],"wp:attachment":[{"href":"https:\/\/www.europesays.com\/se\/wp-json\/wp\/v2\/media?parent=52414"}],"wp:term":[{"taxonomy":"category","embeddable":true,"href":"https:\/\/www.europesays.com\/se\/wp-json\/wp\/v2\/categories?post=52414"},{"taxonomy":"post_tag","embeddable":true,"href":"https:\/\/www.europesays.com\/se\/wp-json\/wp\/v2\/tags?post=52414"}],"curies":[{"name":"wp","href":"https:\/\/api.w.org\/{rel}","templated":true}]}}