{"id":52422,"date":"2025-10-10T15:36:07","date_gmt":"2025-10-10T15:36:07","guid":{"rendered":"https:\/\/www.europesays.com\/se\/52422\/"},"modified":"2025-10-10T15:36:07","modified_gmt":"2025-10-10T15:36:07","slug":"stangs-av-pa-livstid-for-fusk-i-elitserien-e-sport","status":"publish","type":"post","link":"https:\/\/www.europesays.com\/se\/52422\/","title":{"rendered":"St\u00e4ngs av p\u00e5 livstid f\u00f6r fusk i Elitserien | E-sport"},"content":{"rendered":"<p>Publicerad 10 okt 2025 kl 15.54Uppdaterad kl 16.26<\/p>\n<p>En skandal har briserat inom svensk Counter-Strike.<\/p>\n<p>Tv\u00e5 spelare st\u00e4ngs av p\u00e5 livstid.<\/p>\n<p>Ytterligare tre st\u00e4ngs av i minst ett \u00e5r, skriver <a href=\"https:\/\/secsgo.se\/31956\/\" rel=\"nofollow noopener\" target=\"_blank\">Elitserien i Esport<\/a>.<\/p>\n<p><img   alt=\"\"\/><\/p>\n<p>Elitseriens final. Spelarna p\u00e5 bilden \u00e4r inte de som n\u00e4mns i artikeln.<\/p>\n<p>Foto: Expressen<\/p>\n<p>\u00d6ppna bild i helsk\u00e4rm<\/p>\n<p>Svenska Elitserien i <a href=\"https:\/\/www.expressen.se\/tagg\/organization\/counter-strike\/\" class=\"\" rel=\"nofollow noopener\" target=\"_blank\">Counter-Strike<\/a> har slutf\u00f6rt en intern utredning mot spelare som misst\u00e4nks f\u00f6r fusk och matchfixning.<\/p>\n<p>Nu skriver Elitserien att man funnit tydliga bevis, samt f\u00e5tt erk\u00e4nnanden, kring b\u00e5de fusk och matchfixning \u2013 och att fem spelare st\u00e4ngs av.\u00a0<\/p>\n<p>Tv\u00e5 p\u00e5 livstid och tre st\u00e4ngs av i minst tolv m\u00e5nader och kan d\u00e4refter f\u00e5 avst\u00e4ngningen ompr\u00f6vad.<\/p>\n<p>\u201dAv h\u00e4nsyn till integritet och f\u00f6r att skydda s\u00e5v\u00e4l visselbl\u00e5sare som ber\u00f6rda individer offentligg\u00f6r vi inga identiteter eller ytterligare detaljer\u201d, skriver Elitserien i <a href=\"https:\/\/secsgo.se\/31956\/\" rel=\"nofollow noopener\" target=\"_blank\">ett uttalande<\/a> och forts\u00e4tter:<\/p>\n<p>\u201dDet finns \u00e4ven indikationer p\u00e5 liknande oegentligheter utanf\u00f6r Elitseriens verksamhet.\u201d<\/p>\n<p>Misstankarna som kvarst\u00e5r r\u00f6r d\u00e4remot inte Elitserien, s\u00e5 d\u00e4rf\u00f6r kommer man inte utreda de vidare sj\u00e4lva.<\/p>\n<p><strong>F\u00f6lj Expressen E-sport p\u00e5 <\/strong><a href=\"https:\/\/www.youtube.com\/@Expressen-esport\" rel=\"nofollow noopener\" target=\"_blank\"><strong>Youtube<\/strong><\/a><strong> och <\/strong><a href=\"https:\/\/twitter.com\/ESportExpressen\" rel=\"nofollow noopener\" target=\"_blank\"><strong>X<\/strong><\/a><strong>!<\/strong><\/p>\n<p><script async src=\"https:\/\/platform.twitter.com\/widgets.js\" charset=\"utf-8\"><\/script><\/p>\n","protected":false},"excerpt":{"rendered":"Publicerad 10 okt 2025 kl 15.54Uppdaterad kl 16.26 En skandal har briserat inom svensk Counter-Strike. Tv\u00e5 spelare st\u00e4ngs&hellip;\n","protected":false},"author":2,"featured_media":52423,"comment_status":"","ping_status":"","sticky":false,"template":"","format":"standard","meta":{"footnotes":""},"categories":[68],"tags":[2441,2440,34,755,111,110,31,33,32,30],"class_list":{"0":"post-52422","1":"post","2":"type-post","3":"status-publish","4":"format-standard","5":"has-post-thumbnail","7":"category-sport","8":"tag-organization-counter-strike","9":"tag-organization-cs2","10":"tag-se","11":"tag-sections-esport","12":"tag-sport","13":"tag-sports","14":"tag-svenska","15":"tag-sverige","16":"tag-sweden","17":"tag-swedish"},"share_on_mastodon":{"url":"","error":""},"_links":{"self":[{"href":"https:\/\/www.europesays.com\/se\/wp-json\/wp\/v2\/posts\/52422","targetHints":{"allow":["GET"]}}],"collection":[{"href":"https:\/\/www.europesays.com\/se\/wp-json\/wp\/v2\/posts"}],"about":[{"href":"https:\/\/www.europesays.com\/se\/wp-json\/wp\/v2\/types\/post"}],"author":[{"embeddable":true,"href":"https:\/\/www.europesays.com\/se\/wp-json\/wp\/v2\/users\/2"}],"replies":[{"embeddable":true,"href":"https:\/\/www.europesays.com\/se\/wp-json\/wp\/v2\/comments?post=52422"}],"version-history":[{"count":0,"href":"https:\/\/www.europesays.com\/se\/wp-json\/wp\/v2\/posts\/52422\/revisions"}],"wp:featuredmedia":[{"embeddable":true,"href":"https:\/\/www.europesays.com\/se\/wp-json\/wp\/v2\/media\/52423"}],"wp:attachment":[{"href":"https:\/\/www.europesays.com\/se\/wp-json\/wp\/v2\/media?parent=52422"}],"wp:term":[{"taxonomy":"category","embeddable":true,"href":"https:\/\/www.europesays.com\/se\/wp-json\/wp\/v2\/categories?post=52422"},{"taxonomy":"post_tag","embeddable":true,"href":"https:\/\/www.europesays.com\/se\/wp-json\/wp\/v2\/tags?post=52422"}],"curies":[{"name":"wp","href":"https:\/\/api.w.org\/{rel}","templated":true}]}}