{"id":52442,"date":"2025-10-10T15:52:13","date_gmt":"2025-10-10T15:52:13","guid":{"rendered":"https:\/\/www.europesays.com\/se\/52442\/"},"modified":"2025-10-10T15:52:13","modified_gmt":"2025-10-10T15:52:13","slug":"hockeyanalysen-ryktet-forfoljer-honom-%e2%9c%93-kan-dumpa-floppen-shl","status":"publish","type":"post","link":"https:\/\/www.europesays.com\/se\/52442\/","title":{"rendered":"Hockeyanalysen: Ryktet f\u00f6rf\u00f6ljer honom \u2713 Kan dumpa floppen | SHL"},"content":{"rendered":"<p>Publicerad 9 okt 2025 kl 21.43Uppdaterad kl 21.48<\/p>\n<p>PremiumEn ny nervkittlande SHL-omg\u00e5ng \u00e4r till \u00e4nda.<\/p>\n<p>Expressens Adam Johansson bjuder h\u00e4r p\u00e5 sina hetaste spaningar fr\u00e5n Sveriges h\u00f6gstaliga.<\/p>\n<p> Siffrorna som spikar fast HV71 i kvalet \u2013 redan nu<\/p>\n<p> M\u00e4staren kan dumpa floppen<\/p>\n<p> \u00c4r det 2024 igen?<\/p>\n<p> Chockerande nollan<\/p>\n<p> Ryktet om SHL:s v\u00e4rsta buse f\u00f6rf\u00f6ljer honom<\/p>\n<p> Rekordet i farozonen<\/p>\n<p><img   alt=\"\"\/><\/p>\n<p>Leon Bristedt \u00e5kte p\u00e5 matchstraff.<\/p>\n<p>Foto: NICLAS J\u00d6NSSON \/ BILDBYR\u00c5N<\/p>\n<p>\u00d6ppna bild i helsk\u00e4rm<\/p>\n","protected":false},"excerpt":{"rendered":"Publicerad 9 okt 2025 kl 21.43Uppdaterad kl 21.48 PremiumEn ny nervkittlande SHL-omg\u00e5ng \u00e4r till \u00e4nda. Expressens Adam Johansson&hellip;\n","protected":false},"author":2,"featured_media":52443,"comment_status":"","ping_status":"","sticky":false,"template":"","format":"standard","meta":{"footnotes":""},"categories":[68],"tags":[1179,103,34,255,823,111,110,31,33,32,30],"class_list":{"0":"post-52442","1":"post","2":"type-post","3":"status-publish","4":"format-standard","5":"has-post-thumbnail","7":"category-sport","8":"tag-organization-shl","9":"tag-premium","10":"tag-se","11":"tag-sections-ishockey","12":"tag-sections-shl","13":"tag-sport","14":"tag-sports","15":"tag-svenska","16":"tag-sverige","17":"tag-sweden","18":"tag-swedish"},"share_on_mastodon":{"url":"","error":""},"_links":{"self":[{"href":"https:\/\/www.europesays.com\/se\/wp-json\/wp\/v2\/posts\/52442","targetHints":{"allow":["GET"]}}],"collection":[{"href":"https:\/\/www.europesays.com\/se\/wp-json\/wp\/v2\/posts"}],"about":[{"href":"https:\/\/www.europesays.com\/se\/wp-json\/wp\/v2\/types\/post"}],"author":[{"embeddable":true,"href":"https:\/\/www.europesays.com\/se\/wp-json\/wp\/v2\/users\/2"}],"replies":[{"embeddable":true,"href":"https:\/\/www.europesays.com\/se\/wp-json\/wp\/v2\/comments?post=52442"}],"version-history":[{"count":0,"href":"https:\/\/www.europesays.com\/se\/wp-json\/wp\/v2\/posts\/52442\/revisions"}],"wp:featuredmedia":[{"embeddable":true,"href":"https:\/\/www.europesays.com\/se\/wp-json\/wp\/v2\/media\/52443"}],"wp:attachment":[{"href":"https:\/\/www.europesays.com\/se\/wp-json\/wp\/v2\/media?parent=52442"}],"wp:term":[{"taxonomy":"category","embeddable":true,"href":"https:\/\/www.europesays.com\/se\/wp-json\/wp\/v2\/categories?post=52442"},{"taxonomy":"post_tag","embeddable":true,"href":"https:\/\/www.europesays.com\/se\/wp-json\/wp\/v2\/tags?post=52442"}],"curies":[{"name":"wp","href":"https:\/\/api.w.org\/{rel}","templated":true}]}}