{"id":52454,"date":"2025-10-10T15:59:17","date_gmt":"2025-10-10T15:59:17","guid":{"rendered":"https:\/\/www.europesays.com\/se\/52454\/"},"modified":"2025-10-10T15:59:17","modified_gmt":"2025-10-10T15:59:17","slug":"transman-diskriminerad-av-region-skane-lakartidningen","status":"publish","type":"post","link":"https:\/\/www.europesays.com\/se\/52454\/","title":{"rendered":"Transman diskriminerad av Region Sk\u00e5ne \u2013 L\u00e4kartidningen"},"content":{"rendered":"<p>Alla personer med livmoder mellan 23 och 70 \u00e5r ska ing\u00e5 i screeningprogrammet f\u00f6r HPV, och ska d\u00e4rf\u00f6r erbjudas provtagning. Men Region Sk\u00e5nes system f\u00f6r kallelse till provtagning f\u00f6r HPV utg\u00e5r bara fr\u00e5n kvinnliga personnummer, vilket g\u00f6r att transpersoner med livmoder som har manliga personnummer faller mellan stolarna.<\/p>\n<p>DO g\u00f6r bed\u00f6mningen att Region Sk\u00e5ne borde ha \u201dskapat rutiner f\u00f6r att kompensera f\u00f6r de brister som fanns i systemet\u201d. Transmannen fick beskedet av Region Sk\u00e5ne att han sj\u00e4lv m\u00e5ste kontakta sjukv\u00e5rden f\u00f6r att bli screenad \u2013 vilket enligt DO innebar att han diskriminerades. Efter att provresultatet visade p\u00e5 f\u00f6rekomst av HPV blev mannen p\u00e5 nytt diskriminerad av Region Sk\u00e5ne, d\u00e5 han felaktigt blev informerad att han automatiskt skulle kallas till uppf\u00f6ljning.<\/p>\n<p>\n\t\tAnnons\t\t\t<\/p>\n<p>\t\t<a href=\"https:\/\/www.pfizerplay.se\/live\/event\/webinar-Tjocka-hjartan-i-fokus-vecka-2025?cmp=e7047e73-7ba1-47c1-931e-da7ef36a5ab0&amp;ttype=BA\" data-ad-target=\"link\" class=\"Ad-content\" rel=\"sponsored nofollow noopener\" target=\"_blank\"><\/p>\n<p>\t\t\t\t<img alt=\"Annons\" class=\"MediaWrapper-content Ad-image\" src=\"https:\/\/www.europesays.com\/se\/wp-content\/uploads\/2025\/10\/1760111957_230_tjocka-hjartan-lakartidiningen-nyhetsbrev-e-textbanner-1404720-px-1404-x-720-px.gif\" data-lazy-load-target=\"content\" width=\"468\" height=\"240\" loading=\"lazy\" decoding=\"async\" fetchpriority=\"auto\"\/><\/p>\n<p>\t\t<\/a><\/p>\n<p>DO beg\u00e4r att Region Sk\u00e5ne ska betala 35 000 kronor i diskrimineringsers\u00e4ttning till mannen.<\/p>\n<p>Region Sk\u00e5ne har fram till den 21 oktober att ta st\u00e4llning till DO:s beg\u00e4ran.<\/p>\n","protected":false},"excerpt":{"rendered":"Alla personer med livmoder mellan 23 och 70 \u00e5r ska ing\u00e5 i screeningprogrammet f\u00f6r HPV, och ska d\u00e4rf\u00f6r&hellip;\n","protected":false},"author":2,"featured_media":23191,"comment_status":"","ping_status":"","sticky":false,"template":"","format":"standard","meta":{"footnotes":""},"categories":[69],"tags":[113,112,34,31,33,32,30],"class_list":{"0":"post-52454","1":"post","2":"type-post","3":"status-publish","4":"format-standard","5":"has-post-thumbnail","7":"category-halsa","8":"tag-halsa","9":"tag-health","10":"tag-se","11":"tag-svenska","12":"tag-sverige","13":"tag-sweden","14":"tag-swedish"},"share_on_mastodon":{"url":"","error":""},"_links":{"self":[{"href":"https:\/\/www.europesays.com\/se\/wp-json\/wp\/v2\/posts\/52454","targetHints":{"allow":["GET"]}}],"collection":[{"href":"https:\/\/www.europesays.com\/se\/wp-json\/wp\/v2\/posts"}],"about":[{"href":"https:\/\/www.europesays.com\/se\/wp-json\/wp\/v2\/types\/post"}],"author":[{"embeddable":true,"href":"https:\/\/www.europesays.com\/se\/wp-json\/wp\/v2\/users\/2"}],"replies":[{"embeddable":true,"href":"https:\/\/www.europesays.com\/se\/wp-json\/wp\/v2\/comments?post=52454"}],"version-history":[{"count":0,"href":"https:\/\/www.europesays.com\/se\/wp-json\/wp\/v2\/posts\/52454\/revisions"}],"wp:featuredmedia":[{"embeddable":true,"href":"https:\/\/www.europesays.com\/se\/wp-json\/wp\/v2\/media\/23191"}],"wp:attachment":[{"href":"https:\/\/www.europesays.com\/se\/wp-json\/wp\/v2\/media?parent=52454"}],"wp:term":[{"taxonomy":"category","embeddable":true,"href":"https:\/\/www.europesays.com\/se\/wp-json\/wp\/v2\/categories?post=52454"},{"taxonomy":"post_tag","embeddable":true,"href":"https:\/\/www.europesays.com\/se\/wp-json\/wp\/v2\/tags?post=52454"}],"curies":[{"name":"wp","href":"https:\/\/api.w.org\/{rel}","templated":true}]}}