{"id":52474,"date":"2025-10-10T16:22:21","date_gmt":"2025-10-10T16:22:21","guid":{"rendered":"https:\/\/www.europesays.com\/se\/52474\/"},"modified":"2025-10-10T16:22:21","modified_gmt":"2025-10-10T16:22:21","slug":"bristedt-slar-tillbaka-hoppas-jag-far-en-forklaring","status":"publish","type":"post","link":"https:\/\/www.europesays.com\/se\/52474\/","title":{"rendered":"Bristedt sl\u00e5r tillbaka: &#8221;Hoppas jag f\u00e5r en f\u00f6rklaring&#8221;"},"content":{"rendered":"<p><strong>Domaren Marcus Linde menade att Leon Bristedt var likgiltig inf\u00f6r konsekvenserna f\u00f6r sin h\u00f6ga klubba p\u00e5 Hugo Gustafsson.<br \/>D\u00e5 sl\u00e5r R\u00f6gle-forwarden tillbaka.<br \/>\u2013 Det hoppas jag att jag f\u00e5r en f\u00f6rklaring till, s\u00e4ger han till <a href=\"https:\/\/www.hd.se\/2025-10-09\/ordbraket-efter-matchstraffet-hoppas-jag-far-en-forklaring\/\" rel=\"nofollow noopener\" target=\"_blank\">Helsingborgs Dagblad<\/a>.<\/strong><\/p>\n<p><img loading=\"lazy\" decoding=\"async\" width=\"1024\" height=\"658\" src=\"https:\/\/www.europesays.com\/se\/wp-content\/uploads\/2025\/10\/LB251010-1024x658.webp.webp\" alt=\"Marcus Linde och Leon Bristedt\" class=\"wp-image-311973\"  \/>Marcus Linde och Leon Bristedt.<br \/><strong>Foto:<\/strong> Bildbyr\u00e5n<\/p>\n<p><a href=\"https:\/\/hockeysverige.se\/klubb\/rogle-bk\/\" rel=\"nofollow noopener\" target=\"_blank\">R\u00f6gle<\/a>-forwarden <a href=\"https:\/\/hockeysverige.se\/spelare\/leon-bristedt\/\" rel=\"nofollow noopener\" target=\"_blank\">Leon Bristedt<\/a> \u00e5kte p\u00e5 ett matchstraff i g\u00e5rdagens segermatch mot <a href=\"https:\/\/hockeysverige.se\/klubb\/vaxjo-lakers\/\" rel=\"nofollow noopener\" target=\"_blank\">V\u00e4xj\u00f6 <\/a>efter en h\u00f6g klubba p\u00e5 Hugo Gustafsson halvv\u00e4gs genom den andra perioden.<\/p>\n<p><a href=\"https:\/\/hockeysverige.se\/shl\/leon-bristedt-matchstraff-hog-klubba-hugo-gustafsson-rogle-vaxjo\/\" rel=\"nofollow noopener\" target=\"_blank\">Beslutet kritiserades av TV4:s expert Almen Bibic<\/a>, men i pausintervjun med TV4 f\u00f6rklarade domaren Marcus Linde beslutet med att handlingen var v\u00e5rdsl\u00f6s och att Bristedt var \u201dn\u00e5got likgiltig\u201d inf\u00f6r konsekvensen av att \u201dsl\u00e4nga upp klubban s\u00e5d\u00e4r\u201d. N\u00e4r Leon Bristedt f\u00e5r fr\u00e5gan av Helsingborgs Dagblad om han \u00e4r kritisk till domslutet svarar han:<\/p>\n<p>\u2013 Kritisk? Domarna st\u00e5r inf\u00f6r f\u00f6rs\u00e4songen och s\u00e4ger att de vill ha bort mediakriget. Men s\u00e5 st\u00e5r han sj\u00e4lv i tv och s\u00e4ger att handlingen \u00e4r v\u00e5rdsl\u00f6s, vilket man kan diskutera om den \u00e4r. Jag tycker inte det. Den \u00e4r klantig, men det finns inget v\u00e5rdsl\u00f6st i den, s\u00e4ger han och forts\u00e4tter:<br \/>\u2013 Och framf\u00f6r allt s\u00e4ger han att jag f\u00e5r matchstraff f\u00f6r att jag \u00e4r likgiltig inf\u00f6r konsekvenserna. Det kan jag inte f\u00f6rst\u00e5 vad det betyder. Att man g\u00f6r en h\u00f6g klubba och \u00e4r likgiltig inf\u00f6r konsekvenserna och d\u00e4rf\u00f6r f\u00e5r ett matchstraff. Det hoppas jag att jag f\u00e5r en f\u00f6rklaring till.<\/p>\n<p>Anm\u00e4ls inte till disciplinn\u00e4mnden<\/p>\n<p>Under fredagsmorgonen stod det klart att Bristedt inte hade anm\u00e4lts till disciplinn\u00e4mnden f\u00f6r sin h\u00f6ga klubba, men enligt honom borde det inte ha resulterat i ett matchstraff \u00f6verhuvudtaget.<\/p>\n<p>\u2013 Klubban \u00e5ker upp. Jag f\u00f6rs\u00f6ker lyfta klubban. Min klubba \u00e4r under hans klubba. Min klubba kommer lite v\u00e4l h\u00f6gt s\u00e5 t\u00e5spetsen p\u00e5 mitt blad tr\u00e4ffar honom i ansiktet. Det ska vara utvisning. En tv\u00e5a eller tv\u00e5 plus tv\u00e5a, absolut. Matchstraff har jag aldrig varit med om att det blir, s\u00e4ger Bristedt.<\/p>\n<p>Efter matchen hade Bj\u00f6rn Hellkvist ingen uppdatering kring hur l\u00e4get var med Hugo Gustafsson, som l\u00e4mnade isen blodig efter den h\u00f6ga klubban.<\/p>\n<p>\u2013 Han ska unders\u00f6kas. Det \u00e4r en klubba i \u00f6gontrakten och det \u00e4r klart att det \u00e4r allvarligt nog s\u00e5 det r\u00e4cker, s\u00e4ger han till <a href=\"https:\/\/www.smp.se\/sport\/forsta-beskedet-om-skadade-lakersduon\/\" rel=\"nofollow noopener\" target=\"_blank\">Sm\u00e5landsposten<\/a>.<\/p>\n<p>R\u00f6gle vann matchen med 5\u20133.<\/p>\n","protected":false},"excerpt":{"rendered":"Domaren Marcus Linde menade att Leon Bristedt var likgiltig inf\u00f6r konsekvenserna f\u00f6r sin h\u00f6ga klubba p\u00e5 Hugo Gustafsson.D\u00e5&hellip;\n","protected":false},"author":2,"featured_media":52475,"comment_status":"","ping_status":"","sticky":false,"template":"","format":"standard","meta":{"footnotes":""},"categories":[5],"tags":[22,23,26,27,17,21,24,25,28,29,15,16,18,34,133,134,31,33,32,30,19,20],"class_list":{"0":"post-52474","1":"post","2":"type-post","3":"status-publish","4":"format-standard","5":"has-post-thumbnail","7":"category-rubriker","8":"tag-breaking-news","9":"tag-breakingnews","10":"tag-featured-news","11":"tag-featurednews","12":"tag-headlines","13":"tag-huvudnyheter","14":"tag-latest-news","15":"tag-latestnews","16":"tag-main-news","17":"tag-mainnews","18":"tag-news","19":"tag-nyheter","20":"tag-rubriker","21":"tag-se","22":"tag-second-news","23":"tag-shl","24":"tag-svenska","25":"tag-sverige","26":"tag-sweden","27":"tag-swedish","28":"tag-top-stories","29":"tag-topstories"},"share_on_mastodon":{"url":"","error":""},"_links":{"self":[{"href":"https:\/\/www.europesays.com\/se\/wp-json\/wp\/v2\/posts\/52474","targetHints":{"allow":["GET"]}}],"collection":[{"href":"https:\/\/www.europesays.com\/se\/wp-json\/wp\/v2\/posts"}],"about":[{"href":"https:\/\/www.europesays.com\/se\/wp-json\/wp\/v2\/types\/post"}],"author":[{"embeddable":true,"href":"https:\/\/www.europesays.com\/se\/wp-json\/wp\/v2\/users\/2"}],"replies":[{"embeddable":true,"href":"https:\/\/www.europesays.com\/se\/wp-json\/wp\/v2\/comments?post=52474"}],"version-history":[{"count":0,"href":"https:\/\/www.europesays.com\/se\/wp-json\/wp\/v2\/posts\/52474\/revisions"}],"wp:featuredmedia":[{"embeddable":true,"href":"https:\/\/www.europesays.com\/se\/wp-json\/wp\/v2\/media\/52475"}],"wp:attachment":[{"href":"https:\/\/www.europesays.com\/se\/wp-json\/wp\/v2\/media?parent=52474"}],"wp:term":[{"taxonomy":"category","embeddable":true,"href":"https:\/\/www.europesays.com\/se\/wp-json\/wp\/v2\/categories?post=52474"},{"taxonomy":"post_tag","embeddable":true,"href":"https:\/\/www.europesays.com\/se\/wp-json\/wp\/v2\/tags?post=52474"}],"curies":[{"name":"wp","href":"https:\/\/api.w.org\/{rel}","templated":true}]}}