{"id":52516,"date":"2025-10-10T17:38:08","date_gmt":"2025-10-10T17:38:08","guid":{"rendered":"https:\/\/www.europesays.com\/se\/52516\/"},"modified":"2025-10-10T17:38:08","modified_gmt":"2025-10-10T17:38:08","slug":"maja-nilsson-lindelof-rasar-mot-viaplay-landslaget","status":"publish","type":"post","link":"https:\/\/www.europesays.com\/se\/52516\/","title":{"rendered":"Maja Nilsson Lindel\u00f6f rasar mot Viaplay | Landslaget"},"content":{"rendered":"<p>Publicerad 10 okt 2025 kl 18.07Uppdaterad kl 18.56<\/p>\n<p>P\u00e5 fredagskv\u00e4llen spelar Sverige VM-kval mot Schweiz.\u00a0<\/p>\n<p>Men Maja Nilsson Lindel\u00f6f \u00e4r allt annat \u00e4n n\u00f6jd \u2013 hon kan n\u00e4mligen inte se matchen.<\/p>\n<p>\u2013 Det \u00e4r ju idioti, s\u00e4ger hon p\u00e5 Snapchat.\u00a0<\/p>\n<p>Isaks pik mot Tomasson: \u201dHan ger bort f\u00f6r mycket\u201d<img loading=\"lazy\"   alt=\"\"\/><\/p>\n<p>Maja Nilsson Lindel\u00f6f.<\/p>\n<p>Foto: Snapchat.<\/p>\n<p>\u00d6ppna bild i helsk\u00e4rm<img loading=\"lazy\"   alt=\"\"\/><\/p>\n<p>Maja Nilsson Lindel\u00f6f.<\/p>\n<p>Foto: Snapchat.<\/p>\n<p>\u00d6ppna bild i helsk\u00e4rm<img loading=\"lazy\"   alt=\"\"\/><\/p>\n<p>Ikv\u00e4ll spelar Sverige mot Schweiz i VM-kvalet.<\/p>\n<p>Foto: JOEL MARKLUND \/ BILDBYR\u00c5N<\/p>\n<p>\u00d6ppna bild i helsk\u00e4rm<\/p>\n<p>Sverige spelar VM-kval i Stockholm mot Schweiz under fredagskv\u00e4llen.<\/p>\n<p>Nu riktar Victor Nilsson Lindel\u00f6fs fru <a href=\"https:\/\/www.expressen.se\/tagg\/person\/maja-nilsson-lindelof\/\" class=\"\" rel=\"nofollow noopener\" target=\"_blank\">Maja Nilsson Lindel\u00f6f<\/a> kritik \u2013 f\u00f6r att hon inte kan se matchen.\u00a0<\/p>\n<p>Hon och barnen hade planerat att kolla matchen hemifr\u00e5n, men fick en chock n\u00e4r hon s\u00e5g att matchen s\u00e4nds p\u00e5 Viaplay sport \u2013 en kanal hon inte har.\u00a0<\/p>\n<p>\u2013 Jag blev p\u00e5 riktigt s\u00e5 provocerad f\u00f6r det h\u00e4r med var matchen s\u00e4nds. Hur kan man s\u00e4nda ett VM-kval utan att hela Sverige kan se det? Det \u00e4r ju idioti eller? s\u00e4ger hon.\u00a0<\/p>\n<p>Maja Nilsson Lindel\u00f6f har inte heller kunnat l\u00f6sa ett konto fr\u00e5n England.\u00a0<\/p>\n<p>\u2013 Dessutom tar de inte utl\u00e4ndskt kort s\u00e5 jag kan inte skaffa eget konto. Man kan inte dela konto heller. D\u00e5 ska mamma skaffa ett eget konto till mig f\u00f6r 700 kronor f\u00f6r att jag vill se en match? Det \u00e4r helt orimligt? Det borde vara en sj\u00e4lvklarhet att s\u00e5na h\u00e4r matcher ska s\u00e4ndas p\u00e5 vanliga kanaler.<\/p>\n<p>Viaplays svar: \u201dG\u00e5r j\u00e4ttebra\u201d\u00a0<\/p>\n<p>Viaplays presschef Susanne Nyl\u00e9n svarar p\u00e5 kritiken till Expressen och s\u00e4ger att alla tittare i Sverige har tillg\u00e5ng till matchen i kv\u00e4ll.\u00a0<\/p>\n<p>\u2013 Det g\u00e5r j\u00e4ttebra att se matchen b\u00e5de p\u00e5 Viaplay och p\u00e5 den linj\u00e4ra tv-kanalen Viaplay sport. Vi n\u00e5r ut v\u00e4ldigt brett. Det s\u00e5g vi inte minst i somras under EM d\u00e4r vi n\u00e5dde en miljonpublik. Det g\u00e5r j\u00e4ttebra att f\u00e5 tillg\u00e5ng till kanalen gratis genom alla operat\u00f6rer utom Tele 2, d\u00e4r man m\u00e5ste ha ett annat paket, s\u00e4ger Nyl\u00e9n.<\/p>\n<p><strong>Hon kritiserar ocks\u00e5 att det inte g\u00e5r att anv\u00e4nda utl\u00e4ndskt kort och att man inte kan dela konton?<\/strong><\/p>\n<p>\u2013 Det \u00e4r ju v\u00e4ldigt vanligt i streaming-v\u00e4rlden att man geografiskt begr\u00e4nsar konton. Det \u00e4r ocks\u00e5 ett s\u00e4tt att skydda v\u00e5ra r\u00e4ttigheter mot exempelvis IP-tv. Det \u00e4r vi inte direkt ensamma om att ha det s\u00e5.\u00a0<\/p>\n<p>\u2013 Det g\u00e5r j\u00e4ttebra att dela konton inom hush\u00e5llet och om man beh\u00f6ver hj\u00e4lp med det g\u00e5r det bra att kontakta kundtj\u00e4nst.\u00a0<\/p>\n<p><strong>Vad s\u00e4ger du om kritiken att man m\u00e5ste skaffa ett konto f\u00f6r 700 kronor f\u00f6r att se en match?\u00a0<\/strong><\/p>\n<p>\u2013 Det beh\u00f6ver hon inte. Den ing\u00e5r i mediumpaketet som kostar 399. Eller om hon har n\u00e5gon av operat\u00f6rerna d\u00e4r det ing\u00e5r.\u00a0<\/p>\n<p>Sverige\u2013Schweiz b\u00f6rjar klockan 20.45.<\/p>\n<p>Expressen har s\u00f6kt Maja Nilsson Lindel\u00f6f.<\/p>\n<p>S\u00e5 ser du Viaplay sport<\/p>\n<p>Telia: kanalplats 13<\/p>\n<p>Sappa: kanalplats 13<\/p>\n<p>Telenor: kanalplats 18 eller 99<\/p>\n<p>Allente: kanalplats 119.<\/p>\n<p>Kontakta din tv-operat\u00f6r f\u00f6r mer info.<\/p>\n<p>Alla matcher streamas p\u00e5 Viaplay. P\u00e5 Viaplay ing\u00e5r Viaplay sport i Medium-paketet.<\/p>\n<p>P\u00e5 Tele2 beh\u00f6vs deras Total-paket f\u00f6r att f\u00e5 tillg\u00e5ng till Viaplay Sport.<\/p>\n<p>Visa mer<\/p>\n","protected":false},"excerpt":{"rendered":"Publicerad 10 okt 2025 kl 18.07Uppdaterad kl 18.56 P\u00e5 fredagskv\u00e4llen spelar Sverige VM-kval mot Schweiz.\u00a0 Men Maja Nilsson&hellip;\n","protected":false},"author":2,"featured_media":52517,"comment_status":"","ping_status":"","sticky":false,"template":"","format":"standard","meta":{"footnotes":""},"categories":[68],"tags":[2255,1352,34,129,146,111,110,31,33,32,30],"class_list":{"0":"post-52516","1":"post","2":"type-post","3":"status-publish","4":"format-standard","5":"has-post-thumbnail","7":"category-sport","8":"tag-organization-viaplay","9":"tag-person-maja-nilsson-lindelof","10":"tag-se","11":"tag-sections-fotboll","12":"tag-sections-landslaget","13":"tag-sport","14":"tag-sports","15":"tag-svenska","16":"tag-sverige","17":"tag-sweden","18":"tag-swedish"},"share_on_mastodon":{"url":"","error":""},"_links":{"self":[{"href":"https:\/\/www.europesays.com\/se\/wp-json\/wp\/v2\/posts\/52516","targetHints":{"allow":["GET"]}}],"collection":[{"href":"https:\/\/www.europesays.com\/se\/wp-json\/wp\/v2\/posts"}],"about":[{"href":"https:\/\/www.europesays.com\/se\/wp-json\/wp\/v2\/types\/post"}],"author":[{"embeddable":true,"href":"https:\/\/www.europesays.com\/se\/wp-json\/wp\/v2\/users\/2"}],"replies":[{"embeddable":true,"href":"https:\/\/www.europesays.com\/se\/wp-json\/wp\/v2\/comments?post=52516"}],"version-history":[{"count":0,"href":"https:\/\/www.europesays.com\/se\/wp-json\/wp\/v2\/posts\/52516\/revisions"}],"wp:featuredmedia":[{"embeddable":true,"href":"https:\/\/www.europesays.com\/se\/wp-json\/wp\/v2\/media\/52517"}],"wp:attachment":[{"href":"https:\/\/www.europesays.com\/se\/wp-json\/wp\/v2\/media?parent=52516"}],"wp:term":[{"taxonomy":"category","embeddable":true,"href":"https:\/\/www.europesays.com\/se\/wp-json\/wp\/v2\/categories?post=52516"},{"taxonomy":"post_tag","embeddable":true,"href":"https:\/\/www.europesays.com\/se\/wp-json\/wp\/v2\/tags?post=52516"}],"curies":[{"name":"wp","href":"https:\/\/api.w.org\/{rel}","templated":true}]}}