{"id":52529,"date":"2025-10-10T18:12:14","date_gmt":"2025-10-10T18:12:14","guid":{"rendered":"https:\/\/www.europesays.com\/se\/52529\/"},"modified":"2025-10-10T18:12:14","modified_gmt":"2025-10-10T18:12:14","slug":"klara-hammarstrom-och-alexander-holtz-visar-upp-lyxhuset-i-las-vegas","status":"publish","type":"post","link":"https:\/\/www.europesays.com\/se\/52529\/","title":{"rendered":"Klara Hammarstr\u00f6m och Alexander Holtz visar upp lyxhuset i Las Vegas"},"content":{"rendered":"<p>Publicerad 10 okt 2025 kl 06.27Uppdaterad kl 11.30<\/p>\n<p>Artisten Klara Hammarstr\u00f6m och NHL-proffset Alexander Holtz lever tillsammans i Las Vegas.\u00a0<\/p>\n<p>I SVT:s nya dokument\u00e4r \u201dKlara \u2013 mic drop\u201d ber\u00e4ttar paret om sin relation \u2013 och visar upp sitt lyxiga hus.\u00a0<\/p>\n<p><img loading=\"lazy\"   alt=\"\"\/><\/p>\n<p>Alexander och Klara tr\u00e4ffades online.<\/p>\n<p>Foto: SVT<\/p>\n<p>\u00d6ppna bild i helsk\u00e4rm<img loading=\"lazy\"   alt=\"\"\/><\/p>\n<p>Klara Hammarstr\u00f6m ber\u00e4ttar om sitt liv i dokument\u00e4ren \u201dKlara \u2013 Mic drop\u201d.<\/p>\n<p>Foto: SVT<\/p>\n<p>\u00d6ppna bild i helsk\u00e4rm<img loading=\"lazy\"   alt=\"\"\/><\/p>\n<p>Klara Hammarstr\u00f6m.<\/p>\n<p>Foto: SVT<\/p>\n<p>\u00d6ppna bild i helsk\u00e4rm<img loading=\"lazy\"   alt=\"\"\/><\/p>\n<p>Klara och Alexander \u00e4ter mat vid sitt matbord.<\/p>\n<p>Foto: SVT<\/p>\n<p>\u00d6ppna bild i helsk\u00e4rm<img loading=\"lazy\"   alt=\"\"\/><\/p>\n<p>Paret tr\u00e4ffades i sociala medier.<\/p>\n<p>Foto: SVT<\/p>\n<p>\u00d6ppna bild i helsk\u00e4rm<img loading=\"lazy\"   alt=\"\"\/> <\/p>\n<p>Foto: SVT<\/p>\n<p>\u00d6ppna bild i helsk\u00e4rm<img loading=\"lazy\"   alt=\"\"\/><\/p>\n<p>Alexander Holtz och Klara Hammarstr\u00f6m.<\/p>\n<p>Foto: Karin T\u00f6rnblom \/ IBL<\/p>\n<p>\u00d6ppna bild i helsk\u00e4rm<img loading=\"lazy\"   alt=\"\"\/>\u00d6ppna bild i helsk\u00e4rm<\/p>\n<p>I SVT:s nya serie \u201dKlara \u2013 mic drop\u201d f\u00e5r tittarna f\u00f6lja Klara Hammarstr\u00f6m, 25, p\u00e5 sin artistresa \u2013 men det ges \u00e4ven inblickar i livet i Las Vegas tillsammans med hockeyproffset Alexander Holtz, 23.\u00a0<\/p>\n<p>Flytten gick till USA eftersom att pojkv\u00e4nnen spelar i hockeylaget <a href=\"https:\/\/www.expressen.se\/tagg\/organization\/golden-knights\/\" class=\"\" rel=\"nofollow noopener\" target=\"_blank\">Golden Knights<\/a>.\u00a0<\/p>\n<p>Nyligen f\u00f6rnyades hans kontrakt med med tv\u00e5 \u00e5r. Det ger 837 000 i \u00e5rsl\u00f6n \u2013 vilket \u00e4r ungef\u00e4r 7,9 miljoner svenska kronor.\u00a0<\/p>\n<p>\u2013 N\u00e4r jag h\u00f6rde Vegas f\u00f6rsta g\u00e5ngen s\u00e5 t\u00e4nkte jag \u201dd\u00e4r kan man inte bo\u201d. Vem bor i Vegas? Det \u00e4r konstigt. Jag trodde att det bara var flygplatsen, sen Vegas och sen stripen men det \u00e4r inte s\u00e5, det finns ju mer h\u00e4r, s\u00e4ger Klara Hammarstr\u00f6m i programmet.\u00a0<\/p>\n<p>H\u00e4r har paret sin bas \u00e4ven om de b\u00e5da pendlar till jobb i andra st\u00e4nder och l\u00e4nder.\u00a0<\/p>\n<p>I serien visar de upp sitt stora lyxhus med tr\u00e4dg\u00e5rd och pool.\u00a0<\/p>\n<p>\u2013 Vi tr\u00e4ffades online, jag kom ih\u00e5g att han skrev till mig och jag visste v\u00e4l inte vem han var men jag hade kompisar som visste vem han var. De ber\u00e4ttade att han \u00e4r en hockeyspelare, s\u00e4ger Klara Hammarstr\u00f6m och forts\u00e4tter: \u00a0<\/p>\n<p>\u2013\u00a0Han visade sig v\u00e4ldigt s\u00e5rbar och visade k\u00e4nslor f\u00f6r mig ganska tidigt, f\u00f6rst blev jag lite r\u00e4dd men sen tyckte jag v\u00e4l att det var det som var s\u00e5 fint med honom.\u00a0<\/p>\n<p>Livsdr\u00f6mmen<\/p>\n<p>Serien spelas in precis innan Klara Hammarstr\u00f6m t\u00e4vlade i Melodifestivalen tidigare i \u00e5r. Hon kom d\u00e5 p\u00e5 en fj\u00e4rde plats.\u00a0<\/p>\n<p>\u2013 Jag har haft ett dr\u00f6mm\u00e5l p\u00e5 att vinna Mello och sen har jag ett ganska stort dr\u00f6mm\u00e5l om att g\u00f6ra min grej och komma ut och g\u00f6ra n\u00e5got som jag verkligen, verkligen st\u00e5r f\u00f6r och k\u00e4nner mig stolt \u00f6ver och det m\u00e5let \u00e4r lika stort f\u00f6r mig som vinsten i Mello.\u00a0<\/p>\n<p><img loading=\"lazy\"   alt=\"\"\/><\/p>\n<p>Huset har en h\u00e4rlig pool.<\/p>\n<p>Foto: SVT<\/p>\n<p>\u00d6ppna bild i helsk\u00e4rm<img loading=\"lazy\"   alt=\"\"\/><\/p>\n<p>Poolen inifr\u00e5n huset.<\/p>\n<p>Foto: SVT<\/p>\n<p>\u00d6ppna bild i helsk\u00e4rm<img loading=\"lazy\"   alt=\"\"\/><\/p>\n<p>Huset.<\/p>\n<p>Foto: SVT<\/p>\n<p>\u00d6ppna bild i helsk\u00e4rm<img loading=\"lazy\"   alt=\"\"\/><\/p>\n<p>Huset i Las Vegas \u00e4r parets hembas.<\/p>\n<p>Foto: SVT<\/p>\n<p>\u00d6ppna bild i helsk\u00e4rm<img loading=\"lazy\"   alt=\"\"\/><\/p>\n<p>K\u00f6ket i huset.<\/p>\n<p>Foto: SVT<\/p>\n<p>\u00d6ppna bild i helsk\u00e4rm<img loading=\"lazy\"   alt=\"\"\/><\/p>\n<p>Klara Hammarstr\u00f6m framf\u00f6r huset.<\/p>\n<p>Foto: SVT<\/p>\n<p>\u00d6ppna bild i helsk\u00e4rm<\/p>\n","protected":false},"excerpt":{"rendered":"Publicerad 10 okt 2025 kl 06.27Uppdaterad kl 11.30 Artisten Klara Hammarstr\u00f6m och NHL-proffset Alexander Holtz lever tillsammans i&hellip;\n","protected":false},"author":2,"featured_media":52530,"comment_status":"","ping_status":"","sticky":false,"template":"","format":"standard","meta":{"footnotes":""},"categories":[67],"tags":[104,4984,45,5113,3055,5114,3965,34,775,31,33,32,30,105],"class_list":{"0":"post-52529","1":"post","2":"type-post","3":"status-publish","4":"format-standard","5":"has-post-thumbnail","7":"category-underhallning","8":"tag-entertainment","9":"tag-location-las-vegas","10":"tag-location-usa","11":"tag-organization-golden-knights","12":"tag-organization-melodifestivalen","13":"tag-person-alexander-holtz","14":"tag-person-klara-hammarstrom","15":"tag-se","16":"tag-sections-musik","17":"tag-svenska","18":"tag-sverige","19":"tag-sweden","20":"tag-swedish","21":"tag-underhallning"},"share_on_mastodon":{"url":"","error":""},"_links":{"self":[{"href":"https:\/\/www.europesays.com\/se\/wp-json\/wp\/v2\/posts\/52529","targetHints":{"allow":["GET"]}}],"collection":[{"href":"https:\/\/www.europesays.com\/se\/wp-json\/wp\/v2\/posts"}],"about":[{"href":"https:\/\/www.europesays.com\/se\/wp-json\/wp\/v2\/types\/post"}],"author":[{"embeddable":true,"href":"https:\/\/www.europesays.com\/se\/wp-json\/wp\/v2\/users\/2"}],"replies":[{"embeddable":true,"href":"https:\/\/www.europesays.com\/se\/wp-json\/wp\/v2\/comments?post=52529"}],"version-history":[{"count":0,"href":"https:\/\/www.europesays.com\/se\/wp-json\/wp\/v2\/posts\/52529\/revisions"}],"wp:featuredmedia":[{"embeddable":true,"href":"https:\/\/www.europesays.com\/se\/wp-json\/wp\/v2\/media\/52530"}],"wp:attachment":[{"href":"https:\/\/www.europesays.com\/se\/wp-json\/wp\/v2\/media?parent=52529"}],"wp:term":[{"taxonomy":"category","embeddable":true,"href":"https:\/\/www.europesays.com\/se\/wp-json\/wp\/v2\/categories?post=52529"},{"taxonomy":"post_tag","embeddable":true,"href":"https:\/\/www.europesays.com\/se\/wp-json\/wp\/v2\/tags?post=52529"}],"curies":[{"name":"wp","href":"https:\/\/api.w.org\/{rel}","templated":true}]}}