{"id":52592,"date":"2025-10-10T20:26:08","date_gmt":"2025-10-10T20:26:08","guid":{"rendered":"https:\/\/www.europesays.com\/se\/52592\/"},"modified":"2025-10-10T20:26:08","modified_gmt":"2025-10-10T20:26:08","slug":"fler-yngre-kvinnor-far-hjartrubbningar-av-postcovid","status":"publish","type":"post","link":"https:\/\/www.europesays.com\/se\/52592\/","title":{"rendered":"Fler yngre kvinnor f\u00e5r hj\u00e4rtrubbningar av postcovid"},"content":{"rendered":"<p data-testid=\"lead\" itemprop=\"description\">Hj\u00e4rtat sl\u00e5r onormalt snabbt \u2022 Yngre kvinnor mer riskutsatta \u2022 M\u00e5nga f\u00e5r inte r\u00e4tt hj\u00e4lp<\/p>\n<p class=\"sc-c25743f0-0 sc-e37c0145-2 hObFds DQgPn\"><strong>Fler yngre kvinnor drabbas av hj\u00e4rtrubbningar efter postcovid, visar en ny studie fr\u00e5n Karolinska Institutet. Samtidigt \u00e4r kunskapen om tillst\u00e5ndet l\u00e5g i stora delar av landet. <br \/>\u2013 Det blir v\u00e4ldigt sv\u00e5rt att leva med ett s\u00e5dant tillst\u00e5nd, s\u00e4ger Judith Bruchfel som \u00e4r ansvarig f\u00f6r studien.<\/strong><\/p>\n<p class=\"sc-c25743f0-0 sc-e37c0145-2 hObFds DQgPn\">Posturalt ortostatiskt takykardisyndrom (POTS) inneb\u00e4r att hj\u00e4rtat sl\u00e5r onormalt snabbt n\u00e4r man reser sig upp fr\u00e5n liggande. Drabbade kan k\u00e4nna sig yra och hj\u00e4rtat kan sl\u00e5 snabbare \u00e4n normalt b\u00e5de i vila och vid anstr\u00e4ngning. F\u00f6re pandemin hade drygt en procent av befolkningen diagnosen POTS, men sjukdomen har blivit vanligare efter covid-19.<\/p>\n<p class=\"sc-c25743f0-0 sc-e37c0145-2 hObFds DQgPn\">\u2013 Man f\u00e5r ju sekund\u00e4ra symptom med bland annat hj\u00e4rndimma, en t\u00e4nkbar orsak kan vara ett minskat blodfl\u00f6de i hj\u00e4rnan. Det blir v\u00e4ldigt sv\u00e5rt att leva ett vanligt liv med ett tillst\u00e5nd som POTS d\u00e5 du inte har n\u00e5gon uth\u00e5llighet i uppr\u00e4tt l\u00e4ge, s\u00e4gerJudith Bruchfel som \u00e4r ansvarig f\u00f6r studien. <\/p>\n<p>En tredjedel drabbas<\/p>\n<p class=\"sc-c25743f0-0 sc-e37c0145-2 hObFds DQgPn\">Den nya studien fr\u00e5n Karolinska Institutet visar att n\u00e4stan en tredjedel av personer med sv\u00e5r postcovid \u00e4ven har POTS. <\/p>\n<p class=\"sc-c25743f0-0 sc-e37c0145-2 hObFds DQgPn\">Judith Bruchfel \u00e4r \u00f6verl\u00e4kare och docent vid Karolinska Institutet, specialist i infektionssjukdomar vid Karolinska Universitetssjukhuset och ansvarig f\u00f6r studien. Hon menar att det dessutom kan finns ett m\u00f6rkertal eftersom m\u00e5nga inte f\u00e5r r\u00e4tt v\u00e5rd. <\/p>\n<p class=\"sc-c25743f0-0 sc-e37c0145-2 hObFds DQgPn\">\u2013 Det \u00e4r inte en hypotes utan vi vet att det \u00e4r m\u00e5nga som har postcovid och som inte f\u00e5r de utredningar som beh\u00f6vs, s\u00e4ger Judith Bruchfel och p\u00e5pekar att det i dag bara finns tv\u00e5 mottagningar i landet som hanterar postinfekti\u00f6sa sjukdomar s\u00e5som postcovid.<\/p>\n<p>Kvinnor drabbas oftare<\/p>\n<p class=\"sc-c25743f0-0 sc-e37c0145-2 hObFds DQgPn\">Samtidigt visar studien att yngre kvinnor \u00e4r s\u00e4rskilt riskutsatta f\u00f6r POTS efter postcovid. Judith Bruchfel ber\u00e4ttar att det finns flera hypoteser kring varf\u00f6r det ser ut p\u00e5 det h\u00e4r s\u00e4ttet. En m\u00f6jlig f\u00f6rklaring \u00e4r att det kan vara hormonellt betingat.<\/p>\n<p class=\"sc-c25743f0-0 sc-e37c0145-2 hObFds DQgPn\">\u2013 Kvinnors immunf\u00f6rsvar skiljer sig fr\u00e5n m\u00e4ns immunf\u00f6rsvar. Det skulle kunna vara s\u00e5 att just vid l\u00e5ngtidscovid kan en viss andel ha virus kvar som i sin tur triggar immunf\u00f6rsvaret. Men om det i sig orsakar POTS \u00e4r inte klarlagt, s\u00e4ger hon.<\/p>\n<p>Behov av b\u00e4ttre v\u00e5rd<\/p>\n<p class=\"sc-c25743f0-0 sc-e37c0145-2 hObFds DQgPn\">F\u00f6rhoppningen \u00e4r att den nya kunskapen ska leda till b\u00e4ttre v\u00e5rd f\u00f6r de drabbade. I dag g\u00e5r POTS att behandla med l\u00e4kemedel, men m\u00e5nga f\u00e5r inte r\u00e4tt hj\u00e4lp. <\/p>\n<p class=\"sc-c25743f0-0 sc-e37c0145-2 hObFds DQgPn\">Judith Bruchfel betonar att det idag saknas en fungerande v\u00e5rdkedja f\u00f6r patientgruppen med postcovid \u2013 som nu utg\u00f6r omkring tre procent av befolkningen.<\/p>\n<p class=\"sc-c25743f0-0 sc-e37c0145-2 hObFds DQgPn\">\u2013 Det finns fortfarande ett stort arbete att g\u00f6ra. Det \u00e4r en stor patientgrupp med l\u00e5ngtidscovid som i nul\u00e4get inte f\u00e5r adekvat hj\u00e4lp och har man en sv\u00e5rare form som till exempel vid POTS s\u00e5 klarar man inte av att arbeta alls, n\u00e5got som kostar samh\u00e4llet f\u00f6rutom det individuella lidandet , s\u00e4ger hon.<\/p>\n","protected":false},"excerpt":{"rendered":"Hj\u00e4rtat sl\u00e5r onormalt snabbt \u2022 Yngre kvinnor mer riskutsatta \u2022 M\u00e5nga f\u00e5r inte r\u00e4tt hj\u00e4lp Fler yngre kvinnor&hellip;\n","protected":false},"author":2,"featured_media":52593,"comment_status":"","ping_status":"","sticky":false,"template":"","format":"standard","meta":{"footnotes":""},"categories":[69],"tags":[113,112,34,31,33,32,30],"class_list":{"0":"post-52592","1":"post","2":"type-post","3":"status-publish","4":"format-standard","5":"has-post-thumbnail","7":"category-halsa","8":"tag-halsa","9":"tag-health","10":"tag-se","11":"tag-svenska","12":"tag-sverige","13":"tag-sweden","14":"tag-swedish"},"share_on_mastodon":{"url":"","error":""},"_links":{"self":[{"href":"https:\/\/www.europesays.com\/se\/wp-json\/wp\/v2\/posts\/52592","targetHints":{"allow":["GET"]}}],"collection":[{"href":"https:\/\/www.europesays.com\/se\/wp-json\/wp\/v2\/posts"}],"about":[{"href":"https:\/\/www.europesays.com\/se\/wp-json\/wp\/v2\/types\/post"}],"author":[{"embeddable":true,"href":"https:\/\/www.europesays.com\/se\/wp-json\/wp\/v2\/users\/2"}],"replies":[{"embeddable":true,"href":"https:\/\/www.europesays.com\/se\/wp-json\/wp\/v2\/comments?post=52592"}],"version-history":[{"count":0,"href":"https:\/\/www.europesays.com\/se\/wp-json\/wp\/v2\/posts\/52592\/revisions"}],"wp:featuredmedia":[{"embeddable":true,"href":"https:\/\/www.europesays.com\/se\/wp-json\/wp\/v2\/media\/52593"}],"wp:attachment":[{"href":"https:\/\/www.europesays.com\/se\/wp-json\/wp\/v2\/media?parent=52592"}],"wp:term":[{"taxonomy":"category","embeddable":true,"href":"https:\/\/www.europesays.com\/se\/wp-json\/wp\/v2\/categories?post=52592"},{"taxonomy":"post_tag","embeddable":true,"href":"https:\/\/www.europesays.com\/se\/wp-json\/wp\/v2\/tags?post=52592"}],"curies":[{"name":"wp","href":"https:\/\/api.w.org\/{rel}","templated":true}]}}