{"id":52626,"date":"2025-10-10T21:05:19","date_gmt":"2025-10-10T21:05:19","guid":{"rendered":"https:\/\/www.europesays.com\/se\/52626\/"},"modified":"2025-10-10T21:05:19","modified_gmt":"2025-10-10T21:05:19","slug":"gustav-sag-vaktenskjutas-pa-stureplan","status":"publish","type":"post","link":"https:\/\/www.europesays.com\/se\/52626\/","title":{"rendered":"Gustav s\u00e5g vakten\nskjutas p\u00e5 Stureplan"},"content":{"rendered":"<p>Publicerad 10 okt 2025 kl 18.03Uppdaterad kl 18.52<\/p>\n<p>Gustav Berglund gick ut fr\u00e5n nattklubben Laroy f\u00f6r att m\u00f6ta en v\u00e4n.<\/p>\n<p>D\u00e5 h\u00f6rde han en sm\u00e4ll \u2013 en krogvakt bredvid honom blev skjuten i armen.<\/p>\n<p>\u2013 Man var ju os\u00e4ker p\u00e5 om det fanns fler skyttar inne i byggnaden, s\u00e4ger han.<\/p>\n<p><img   alt=\"\"\/><\/p>\n<p>Polis vid brottplatsen p\u00e5 Stureplan.<\/p>\n<p>Foto: JANNE \u00c5KESSON \/ SWEPIX<\/p>\n<p>\u00d6ppna bild i helsk\u00e4rm<\/p>\n<p>Vid midnatt natten mot fredagen satt Gustav Berglund, 51, och hans s\u00e4llskap vid ett drinkbord inne p\u00e5 nattklubben Laroy p\u00e5 <a href=\"https:\/\/www.expressen.se\/tagg\/location\/stureplan\/\" class=\"\" rel=\"nofollow noopener\" target=\"_blank\">Stureplan<\/a> i Stockholm.<\/p>\n<p>Gustav gick ut f\u00f6r att m\u00f6ta en god v\u00e4n.<\/p>\n<p>\u2013 D\u00e5 small det till. Det l\u00e4t n\u00e4stan som en fyrverkeripj\u00e4s, s\u00e4ger han.<\/p>\n<p>Sen s\u00e5g han att en vakt var skjuten.<\/p>\n<p>\u2013 En tjejkompis till mig kom ut och offrade sitt sk\u00e4rp och lindade det runt hans arm.<\/p>\n<p>Nattklubbsv\u00e4rden tog in g\u00e4sterna till en annan lokal.<\/p>\n<p>\u2013 Han agerade superproffsigt. Han tog upp alla till Spy Bar, som har en angr\u00e4nsande trappa.\u00a0<\/p>\n<p><img loading=\"lazy\"   alt=\"\"\/><\/p>\n<p>P\u00e5drag p\u00e5 Stureplan efter skjutningen.<\/p>\n<p>Foto: Janne \u00c5kesson\/Swepix<\/p>\n<p>\u00d6ppna bild i helsk\u00e4rmOro f\u00f6r fler skyttar<\/p>\n<p>St\u00e4mningen f\u00f6rbyttes i ett slag fr\u00e5n festgl\u00e4dje till r\u00e4dsla.<\/p>\n<p>\u2013 M\u00e5nga blev v\u00e4ldigt nerv\u00f6sa, f\u00f6r man var ju os\u00e4ker p\u00e5 om det fanns fler skyttar inne i byggnaden, s\u00e4ger Gustav och forts\u00e4tter:<\/p>\n<p>\u2013 Jag \u00e4r ju s\u00e5 gammal att jag kommer ih\u00e5g Stureplansmorden (d\u00e5 fyra personer sk\u00f6ts ihj\u00e4l och cirka 20 skadades \u00e5r 1994, reds anm). Man hann t\u00e4nka p\u00e5 om det h\u00e4r var n\u00e5got liknande. Och det har ju varit en v\u00e4ldigt trist utveckling av kriminaliteten de senaste \u00e5ren, tyv\u00e4rr.\u00a0<\/p>\n<p>Uppgift: Fel vakt sk\u00f6ts p\u00e5 fel krog<\/p>\n<p>Polisen rubricerar h\u00e4ndelsen som f\u00f6rs\u00f6k till mord, grovt vapenbrott och framkallade av fara f\u00f6r annan. Vakten, en man i 30-\u00e5rs\u00e5ldern, f\u00f6rdes med ambulans till sjukhus. Han uppges inte vara livshotande skadad.\u00a0<\/p>\n<p>Enligt uppgift till Expressen ska det ha varit <a href=\"https:\/\/www.expressen.se\/nyheter\/krim\/uppgifter-tonarspojke-gripen-skot-vid-nattklubben-laroy\/\" rel=\"nofollow noopener\" target=\"_blank\">tv\u00e5 g\u00e4rningsm\u00e4n som sk\u00f6t mot vakten,<\/a> som tr\u00e4ffades i armen. Enligt uppgifterna ska den ene, en ton\u00e5rspojke, ha filmat n\u00e4r han sk\u00f6t.\u00a0<\/p>\n<p>Han ska ha f\u00e5tt uppdraget via chattappen Signal. Skotten ska dock ha avlossats mot en annan vakt och p\u00e5 en annan krog \u00e4n vad som var uppdraget.<\/p>\n<p><img loading=\"lazy\"   alt=\"\"\/><\/p>\n<p>Polisen arbetar p\u00e5 brottsplatsen.<\/p>\n<p>Foto: JANNE \u00c5KESSON \/ SWEPIX<\/p>\n<p>\u00d6ppna bild i helsk\u00e4rm\u201dB\u00f6rjade frysa\u201d<\/p>\n<p>En person \u00e4r gripen, enligt polisen. Den gripne \u00e4r ton\u00e5rspojken som filmade d\u00e5det, erfar Expressen. Den andre misst\u00e4nkte skytten ska vara p\u00e5 fri fot.<\/p>\n<p>F\u00f6r Gustav och hans s\u00e4llskap blev det ingen vidareg\u00e5ng.<\/p>\n<p>\u2013 Jag b\u00f6rjade frysa lite och m\u00e5 illa. Det var en obehaglig k\u00e4nsla. Min tjejkompis ville ocks\u00e5 \u00e5ka hem direkt. Kv\u00e4llen var \u00f6ver.\u00a0<\/p>\n<p><strong>L\u00c4S MER: <\/strong><a href=\"https:\/\/www.expressen.se\/nyheter\/krim\/uppgifter-tonarspojke-gripen-skot-vid-nattklubben-laroy\/\" class=\"\" rel=\"nofollow noopener\" target=\"_blank\">Uppgifter: Ton\u00e5rspojke gripen \u2013 sk\u00f6t vid nattklubben Laroy<\/a><strong>L\u00c4S MER: <\/strong><a href=\"https:\/\/www.expressen.se\/nyheter\/sverige\/person-skjuten-pa-stureplan\/\" class=\"\" rel=\"nofollow noopener\" target=\"_blank\">Man skjuten p\u00e5 Stureplan \u2013 utanf\u00f6r nattklubb<\/a><\/p>\n","protected":false},"excerpt":{"rendered":"Publicerad 10 okt 2025 kl 18.03Uppdaterad kl 18.52 Gustav Berglund gick ut fr\u00e5n nattklubben Laroy f\u00f6r att m\u00f6ta&hellip;\n","protected":false},"author":2,"featured_media":52627,"comment_status":"","ping_status":"","sticky":false,"template":"","format":"standard","meta":{"footnotes":""},"categories":[5],"tags":[22,23,26,27,17,21,24,25,2413,28,29,15,16,18,34,154,31,33,32,30,19,668,20],"class_list":{"0":"post-52626","1":"post","2":"type-post","3":"status-publish","4":"format-standard","5":"has-post-thumbnail","7":"category-rubriker","8":"tag-breaking-news","9":"tag-breakingnews","10":"tag-featured-news","11":"tag-featurednews","12":"tag-headlines","13":"tag-huvudnyheter","14":"tag-latest-news","15":"tag-latestnews","16":"tag-location-stureplan","17":"tag-main-news","18":"tag-mainnews","19":"tag-news","20":"tag-nyheter","21":"tag-rubriker","22":"tag-se","23":"tag-sections-sverige","24":"tag-svenska","25":"tag-sverige","26":"tag-sweden","27":"tag-swedish","28":"tag-top-stories","29":"tag-topic-gangkriminalitet","30":"tag-topstories"},"share_on_mastodon":{"url":"","error":""},"_links":{"self":[{"href":"https:\/\/www.europesays.com\/se\/wp-json\/wp\/v2\/posts\/52626","targetHints":{"allow":["GET"]}}],"collection":[{"href":"https:\/\/www.europesays.com\/se\/wp-json\/wp\/v2\/posts"}],"about":[{"href":"https:\/\/www.europesays.com\/se\/wp-json\/wp\/v2\/types\/post"}],"author":[{"embeddable":true,"href":"https:\/\/www.europesays.com\/se\/wp-json\/wp\/v2\/users\/2"}],"replies":[{"embeddable":true,"href":"https:\/\/www.europesays.com\/se\/wp-json\/wp\/v2\/comments?post=52626"}],"version-history":[{"count":0,"href":"https:\/\/www.europesays.com\/se\/wp-json\/wp\/v2\/posts\/52626\/revisions"}],"wp:featuredmedia":[{"embeddable":true,"href":"https:\/\/www.europesays.com\/se\/wp-json\/wp\/v2\/media\/52627"}],"wp:attachment":[{"href":"https:\/\/www.europesays.com\/se\/wp-json\/wp\/v2\/media?parent=52626"}],"wp:term":[{"taxonomy":"category","embeddable":true,"href":"https:\/\/www.europesays.com\/se\/wp-json\/wp\/v2\/categories?post=52626"},{"taxonomy":"post_tag","embeddable":true,"href":"https:\/\/www.europesays.com\/se\/wp-json\/wp\/v2\/tags?post=52626"}],"curies":[{"name":"wp","href":"https:\/\/api.w.org\/{rel}","templated":true}]}}