{"id":52751,"date":"2025-10-11T05:10:12","date_gmt":"2025-10-11T05:10:12","guid":{"rendered":"https:\/\/www.europesays.com\/se\/52751\/"},"modified":"2025-10-11T05:10:12","modified_gmt":"2025-10-11T05:10:12","slug":"darfor-tror-experter-att-kriget-i-ukraina-kan-ta-slut-vid-nyar","status":"publish","type":"post","link":"https:\/\/www.europesays.com\/se\/52751\/","title":{"rendered":"D\u00e4rf\u00f6r tror experter att kriget i Ukraina kan ta slut vid ny\u00e5r"},"content":{"rendered":"<p>Joakim Paasikivi har en dj\u00e4rv prognos: Ukrainakriget kan vara \u00f6ver redan vid \u00e5rsskiftet.<br \/>Enligt den tidigare \u00f6verstel\u00f6jtnanten n\u00e4rmar sig kriget en punkt d\u00e4r den ryska ekonomin och\u2026<\/p>\n<p>Omni \u00e4r politiskt obundna och oberoende. Vi str\u00e4var efter att ge fler perspektiv p\u00e5 nyheterna. Har du fr\u00e5gor eller synpunkter kring v\u00e5r rapportering? <a href=\"https:\/\/omni.se\/darfor-tror-experter-att-kriget-i-ukraina-kan-ta-slut-vid-nyar\/a\/mailto:mer@omni.se\" class=\"ArticleActions_contactLink__W2F1M\" rel=\"nofollow noopener\" target=\"_blank\">Kontakta redaktionen<\/a><\/p>\n","protected":false},"excerpt":{"rendered":"Joakim Paasikivi har en dj\u00e4rv prognos: Ukrainakriget kan vara \u00f6ver redan vid \u00e5rsskiftet.Enligt den tidigare \u00f6verstel\u00f6jtnanten n\u00e4rmar sig&hellip;\n","protected":false},"author":2,"featured_media":52752,"comment_status":"","ping_status":"","sticky":false,"template":"","format":"standard","meta":{"footnotes":""},"categories":[5],"tags":[2193,22,23,26,27,17,21,5131,24,25,28,29,15,16,18,269,264,34,31,33,32,30,19,20,263,261],"class_list":{"0":"post-52751","1":"post","2":"type-post","3":"status-publish","4":"format-standard","5":"has-post-thumbnail","7":"category-rubriker","8":"tag-omni-mer","9":"tag-breaking-news","10":"tag-breakingnews","11":"tag-featured-news","12":"tag-featurednews","13":"tag-headlines","14":"tag-huvudnyheter","15":"tag-joakim-paasikivi","16":"tag-latest-news","17":"tag-latestnews","18":"tag-main-news","19":"tag-mainnews","20":"tag-news","21":"tag-nyheter","22":"tag-rubriker","23":"tag-ryska-invasionen","24":"tag-ryssland","25":"tag-se","26":"tag-svenska","27":"tag-sverige","28":"tag-sweden","29":"tag-swedish","30":"tag-top-stories","31":"tag-topstories","32":"tag-ukraina","33":"tag-vladimir-putin"},"share_on_mastodon":{"url":"","error":""},"_links":{"self":[{"href":"https:\/\/www.europesays.com\/se\/wp-json\/wp\/v2\/posts\/52751","targetHints":{"allow":["GET"]}}],"collection":[{"href":"https:\/\/www.europesays.com\/se\/wp-json\/wp\/v2\/posts"}],"about":[{"href":"https:\/\/www.europesays.com\/se\/wp-json\/wp\/v2\/types\/post"}],"author":[{"embeddable":true,"href":"https:\/\/www.europesays.com\/se\/wp-json\/wp\/v2\/users\/2"}],"replies":[{"embeddable":true,"href":"https:\/\/www.europesays.com\/se\/wp-json\/wp\/v2\/comments?post=52751"}],"version-history":[{"count":0,"href":"https:\/\/www.europesays.com\/se\/wp-json\/wp\/v2\/posts\/52751\/revisions"}],"wp:featuredmedia":[{"embeddable":true,"href":"https:\/\/www.europesays.com\/se\/wp-json\/wp\/v2\/media\/52752"}],"wp:attachment":[{"href":"https:\/\/www.europesays.com\/se\/wp-json\/wp\/v2\/media?parent=52751"}],"wp:term":[{"taxonomy":"category","embeddable":true,"href":"https:\/\/www.europesays.com\/se\/wp-json\/wp\/v2\/categories?post=52751"},{"taxonomy":"post_tag","embeddable":true,"href":"https:\/\/www.europesays.com\/se\/wp-json\/wp\/v2\/tags?post=52751"}],"curies":[{"name":"wp","href":"https:\/\/api.w.org\/{rel}","templated":true}]}}