{"id":52821,"date":"2025-10-11T07:22:07","date_gmt":"2025-10-11T07:22:07","guid":{"rendered":"https:\/\/www.europesays.com\/se\/52821\/"},"modified":"2025-10-11T07:22:07","modified_gmt":"2025-10-11T07:22:07","slug":"korslagda-klara-for-mello-efter-namnbytet","status":"publish","type":"post","link":"https:\/\/www.europesays.com\/se\/52821\/","title":{"rendered":"Korslagda klara f\u00f6r Mello efter namnbytet"},"content":{"rendered":"<p>Rockbandet Korslagda \u00e4r klara f\u00f6r Melodifestivalen 2026, enligt Expressens uppgifter. Bandet halverade nyligen sitt namn, tidigare kallade man sig f\u00f6r Korslagda kukar.<\/p>\n<p>Fr\u00e5n b\u00f6rjan var tanken att bandet endast skulle sl\u00e4ppa en l\u00e5t, men eftersom den blev popul\u00e4r fortsatte medlemmarna att spela tillsammans. N\u00e4r namnbytet kommunicerades f\u00f6r ett par veckor sedan motiverade medlemmarna det med att arrang\u00f6rer inte v\u00e5gade boka dem eftersom de \u201dinte vet vad det blir f\u00f6r slags kv\u00e4ll och att f\u00f6r\u00e4ldrar inte vill att de ska se ordet \u201dkukar\u201d n\u00e4r de lyssnar p\u00e5 bandets musik. <\/p>\n<p>Omni \u00e4r politiskt obundna och oberoende. Vi str\u00e4var efter att ge fler perspektiv p\u00e5 nyheterna. Har du fr\u00e5gor eller synpunkter kring v\u00e5r rapportering? <a href=\"https:\/\/omni.se\/uppgift-korslagda-klara-for-mello-efter-namnbytet\/a\/mailto:redaktion@omni.se\" class=\"ArticleActions_contactLink__W2F1M\" rel=\"nofollow noopener\" target=\"_blank\">Kontakta redaktionen<\/a><\/p>\n","protected":false},"excerpt":{"rendered":"Rockbandet Korslagda \u00e4r klara f\u00f6r Melodifestivalen 2026, enligt Expressens uppgifter. Bandet halverade nyligen sitt namn, tidigare kallade man&hellip;\n","protected":false},"author":2,"featured_media":52822,"comment_status":"","ping_status":"","sticky":false,"template":"","format":"standard","meta":{"footnotes":""},"categories":[67],"tags":[104,4050,172,34,31,33,32,30,105],"class_list":{"0":"post-52821","1":"post","2":"type-post","3":"status-publish","4":"format-standard","5":"has-post-thumbnail","7":"category-underhallning","8":"tag-entertainment","9":"tag-melodifestivalen","10":"tag-musik","11":"tag-se","12":"tag-svenska","13":"tag-sverige","14":"tag-sweden","15":"tag-swedish","16":"tag-underhallning"},"share_on_mastodon":{"url":"","error":""},"_links":{"self":[{"href":"https:\/\/www.europesays.com\/se\/wp-json\/wp\/v2\/posts\/52821","targetHints":{"allow":["GET"]}}],"collection":[{"href":"https:\/\/www.europesays.com\/se\/wp-json\/wp\/v2\/posts"}],"about":[{"href":"https:\/\/www.europesays.com\/se\/wp-json\/wp\/v2\/types\/post"}],"author":[{"embeddable":true,"href":"https:\/\/www.europesays.com\/se\/wp-json\/wp\/v2\/users\/2"}],"replies":[{"embeddable":true,"href":"https:\/\/www.europesays.com\/se\/wp-json\/wp\/v2\/comments?post=52821"}],"version-history":[{"count":0,"href":"https:\/\/www.europesays.com\/se\/wp-json\/wp\/v2\/posts\/52821\/revisions"}],"wp:featuredmedia":[{"embeddable":true,"href":"https:\/\/www.europesays.com\/se\/wp-json\/wp\/v2\/media\/52822"}],"wp:attachment":[{"href":"https:\/\/www.europesays.com\/se\/wp-json\/wp\/v2\/media?parent=52821"}],"wp:term":[{"taxonomy":"category","embeddable":true,"href":"https:\/\/www.europesays.com\/se\/wp-json\/wp\/v2\/categories?post=52821"},{"taxonomy":"post_tag","embeddable":true,"href":"https:\/\/www.europesays.com\/se\/wp-json\/wp\/v2\/tags?post=52821"}],"curies":[{"name":"wp","href":"https:\/\/api.w.org\/{rel}","templated":true}]}}