{"id":52917,"date":"2025-10-11T10:17:08","date_gmt":"2025-10-11T10:17:08","guid":{"rendered":"https:\/\/www.europesays.com\/se\/52917\/"},"modified":"2025-10-11T10:17:08","modified_gmt":"2025-10-11T10:17:08","slug":"roony-bardghji-vill-starta-mot-kosovo-vet-vad-jag-kan","status":"publish","type":"post","link":"https:\/\/www.europesays.com\/se\/52917\/","title":{"rendered":"Roony Bardghji vill starta mot Kosovo: &#8221;Vet vad jag kan&#8221;"},"content":{"rendered":"<p><strong>SOLNA. <a href=\"https:\/\/fotbolldirekt.se\/landslag\/herrlandslaget\/\" rel=\"nofollow noopener\" target=\"_blank\">Sveriges landslag<\/a> \u00e4r inne i en m\u00f6rk period med en po\u00e4ng p\u00e5 tre matcher i <a href=\"https:\/\/fotbolldirekt.se\/vm-fotboll\/\" rel=\"nofollow noopener\" target=\"_blank\">VM-kvalet.<\/a> <br \/>Men framtidshopp finns, det visade Barcelonas <a href=\"https:\/\/fotbolldirekt.se\/spelare\/roony-bardghji\/\" rel=\"nofollow noopener\" target=\"_blank\">Roony Bardhgji<\/a> i g\u00e5r som under sina f\u00e5 minuter p\u00e5 planen charmade de 50 000 \u00e5sk\u00e5dare p\u00e5 plats. <br \/>Nu hoppas 19-\u00e5ringen f\u00e5 chansen fr\u00e5n start mot Kosovo p\u00e5 m\u00e5ndag.<br \/>\u2013 Jag vill alltid spela, jag vet vad jag kan och vad jag kan bidra med, s\u00e4ger han till FotbollDirekt. <\/strong><\/p>\n<p>F\u00f6rlust med Schweiz i g\u00e5r och m\u00f6rka rubriker i svensk press i natt. <a href=\"https:\/\/fotbolldirekt.se\/vm-fotboll\/dahl-tomassons-svar-pa-avgangsropen-fotboll-ar-kanslor\/\" rel=\"nofollow noopener\" target=\"_blank\">Avg\u00e5ngskrav mot Jon Dahl Tomasson<\/a>, burop mot de svenska spelarna.<\/p>\n<p>Men samtidigt fanns det en spelare som trots allt gladde de 50 000 p\u00e5 plats i g\u00e5r. Roony Bardhgji hoppade in i 85:e minuten och d\u00e4rmed gjorde Barcelonaspelaren debut i det svenska A-landslaget.<\/p>\n<p>Det dr\u00f6jde bara n\u00e5gon minut innan 19-\u00e5ringen satte full fart p\u00e5 kanten och fick hela arenan att jubla.<\/p>\n<p>\u2013 Jag h\u00f6rde litegrann, s\u00e4ger Bardhgji till FD och ler innan han forts\u00e4tter:<br \/>\u2013 Men jag hann inte t\u00e4nka s\u00e5 mycket p\u00e5 det, jag var s\u00e5 inne i matchen s\u00e5 jag hann inte lyssna. Men det var kul att spela med mycket positivitet inf\u00f6r fansen. Det enda positiva med matchen var att jag fick g\u00f6ra debut, klart det var kul. Men att vi inte vann matchen var inte kul, det \u00e4r surt. Vi ville f\u00e5 med oss en vinst, ett b\u00e4ttre resultat. Nu blev det inte s\u00e5. <\/p>\n<p>Sveriges chans att kamma hem VM-kvalgruppen \u00e4r d\u00e4rmed borta efter bara en po\u00e4ng p\u00e5 tre matcher, det slog <a href=\"https:\/\/fotbolldirekt.se\/vm-fotboll\/xhaka-om-sverige-jag-ar-helt-klart-forvanad\/\" rel=\"nofollow noopener\" target=\"_blank\">Schweiz lagkapten Granit Xhaka fast i g\u00e5r. <\/a><\/p>\n<p>Bl\u00e5gult g\u00e5r nu en kamp om att bli grupptv\u00e5a och d\u00e5 kr\u00e4vs seger hemma mot Kosovo i G\u00f6teborg p\u00e5 m\u00e5ndag, en match Bardhgji hoppas starta i.<\/p>\n<p>\u2013\u00a0Jag vill alltid spela, jag vet vad jag kan och vad jag kan bidra med. Jag vill visa mer, men det \u00e4r upp till tr\u00e4naren. Vi ska g\u00f6ra s\u00e5 bra resultat som m\u00f6jligt i sista matcherna. <\/p>\n<p>F\u00f6rv\u00e5nas \u00f6ver fr\u00e5gan: \u201dDet skulle jag inte s\u00e4ga\u201d <\/p>\n<p>Bardhgji \u00e4r sj\u00e4lv n\u00f6jd med sitt inhopp, \u00e4ven om Sverige sl\u00e4ppte in 2-0 p\u00e5 till\u00e4ggstid med Barcelonaspelaren p\u00e5 planen.<\/p>\n<p>\u2013 Det k\u00e4ndes j\u00e4ttebra. S\u00e5 klart, det var fem minuter och lite till\u00e4ggsminuter s\u00e5 det var inte s\u00e5 mycket, men det gick bra \u00e4nd\u00e5.<\/p>\n<p>N\u00e4r fr\u00e5gan kommer om debutanten \u00e4r \u00f6verraskad att han fick chansen att hoppa in tittar Bardhgji f\u00f6rv\u00e5nat.<\/p>\n<p>\u2013 \u00d6verraskad? Sv\u00e5r fr\u00e5ga. Jag \u00e4r alltid redo, jag v\u00e4rmde upp l\u00e4nge och var redo att bytas in om det beh\u00f6vdes. S\u00e5 jag ska inte s\u00e4ga att jag var \u00f6verraskad, men det var kul att komma in. <\/p>\n<p>Vill se ett friare Sverige: \u201dD\u00e5 blir det bra\u201d <\/p>\n<p>Bardhgji gladdes \u00f6ver 50 000 \u00e5sk\u00e5dare p\u00e5 plats, men han f\u00f6rst\u00e5r att supportrarna buade ut laget efter f\u00f6rlusten.<\/p>\n<p>\u2013\u00a0Hundra procent att jag f\u00f6rst\u00e5r det. Klart det \u00e4r tr\u00e5kigt, vi ville g\u00f6ra det b\u00e4ttre. Vi spelar om VM, vi ska bara g\u00f6ra det mycket b\u00e4ttre, s\u00e4ger 19-\u00e5ringen som trots att han \u00e4r ny in i landslaget redan ser ett problem som kan l\u00f6sas med mer frihet p\u00e5 planen.<br \/>\u2013 Vi ska g\u00e5 ut och njuta n\u00e4r vi spelar. Jag k\u00e4nner inte att det \u00e4r s\u00e5 mycket frihet, spelarna \u00e4r inte sig sj\u00e4lva. Vi ska ut och spela fotboll.<\/p>\n<p>Precis som Xhaka var inne p\u00e5 i g\u00e5r menar Bardhgji att Sverige har spelare p\u00e5 h\u00f6g niv\u00e5 som ska kunna prestera b\u00e4ttre \u00e4n vad som nu g\u00f6rs i landslaget.<\/p>\n<p>\u2013\u00a0Vi har spelare p\u00e5 den allra h\u00f6gsta niv\u00e5n. Vi ska spela med frihet som i klubblagen. D\u00e5 blir det bra tillsammans och vi ska visa det i n\u00e4sta match, s\u00e4ger Bardhgji som dock inte vill kalla landslaget som l\u00e5st ute p\u00e5 planen.<br \/>\u2013 Nej det skulle jag inte s\u00e4ga, det \u00e4r ingen som l\u00e5ser in oss. Jag vet inte om det \u00e4r pressen eller s\u00e5, men vi ska bara ut och vara oss sj\u00e4lva. Vi ska vara fria n\u00e4r vi f\u00e5r bollen, vi ska v\u00e5ga riskera, skapa l\u00e4gen och spela med varandra.<\/p>\n<p><strong>Bar\u00e7a-modellen?<br \/><\/strong>\u2013 Det kan man s\u00e4ga, s\u00e4ger Bardhgji till FD och ler.<\/p>\n<p><strong>Du f\u00e5r g\u00e5 ut och visa mot Kosovo helt enkelt?<\/strong><br \/>\u2013 Haha, jag ska g\u00f6ra mitt b\u00e4sta. <\/p>\n","protected":false},"excerpt":{"rendered":"SOLNA. Sveriges landslag \u00e4r inne i en m\u00f6rk period med en po\u00e4ng p\u00e5 tre matcher i VM-kvalet. Men&hellip;\n","protected":false},"author":2,"featured_media":52918,"comment_status":"","ping_status":"","sticky":false,"template":"","format":"standard","meta":{"footnotes":""},"categories":[5],"tags":[22,23,26,27,17,21,24,25,28,29,774,15,16,18,34,31,33,32,30,19,20],"class_list":{"0":"post-52917","1":"post","2":"type-post","3":"status-publish","4":"format-standard","5":"has-post-thumbnail","7":"category-rubriker","8":"tag-breaking-news","9":"tag-breakingnews","10":"tag-featured-news","11":"tag-featurednews","12":"tag-headlines","13":"tag-huvudnyheter","14":"tag-latest-news","15":"tag-latestnews","16":"tag-main-news","17":"tag-mainnews","18":"tag-mini-top-block-1","19":"tag-news","20":"tag-nyheter","21":"tag-rubriker","22":"tag-se","23":"tag-svenska","24":"tag-sverige","25":"tag-sweden","26":"tag-swedish","27":"tag-top-stories","28":"tag-topstories"},"share_on_mastodon":{"url":"","error":""},"_links":{"self":[{"href":"https:\/\/www.europesays.com\/se\/wp-json\/wp\/v2\/posts\/52917","targetHints":{"allow":["GET"]}}],"collection":[{"href":"https:\/\/www.europesays.com\/se\/wp-json\/wp\/v2\/posts"}],"about":[{"href":"https:\/\/www.europesays.com\/se\/wp-json\/wp\/v2\/types\/post"}],"author":[{"embeddable":true,"href":"https:\/\/www.europesays.com\/se\/wp-json\/wp\/v2\/users\/2"}],"replies":[{"embeddable":true,"href":"https:\/\/www.europesays.com\/se\/wp-json\/wp\/v2\/comments?post=52917"}],"version-history":[{"count":0,"href":"https:\/\/www.europesays.com\/se\/wp-json\/wp\/v2\/posts\/52917\/revisions"}],"wp:featuredmedia":[{"embeddable":true,"href":"https:\/\/www.europesays.com\/se\/wp-json\/wp\/v2\/media\/52918"}],"wp:attachment":[{"href":"https:\/\/www.europesays.com\/se\/wp-json\/wp\/v2\/media?parent=52917"}],"wp:term":[{"taxonomy":"category","embeddable":true,"href":"https:\/\/www.europesays.com\/se\/wp-json\/wp\/v2\/categories?post=52917"},{"taxonomy":"post_tag","embeddable":true,"href":"https:\/\/www.europesays.com\/se\/wp-json\/wp\/v2\/tags?post=52917"}],"curies":[{"name":"wp","href":"https:\/\/api.w.org\/{rel}","templated":true}]}}