{"id":52926,"date":"2025-10-11T10:33:25","date_gmt":"2025-10-11T10:33:25","guid":{"rendered":"https:\/\/www.europesays.com\/se\/52926\/"},"modified":"2025-10-11T10:33:25","modified_gmt":"2025-10-11T10:33:25","slug":"rekordmanga-vill-jobba-pa-saab-150-000-ansokningar","status":"publish","type":"post","link":"https:\/\/www.europesays.com\/se\/52926\/","title":{"rendered":"Rekordm\u00e5nga vill jobba p\u00e5 Saab: \u201d150\u00a0000 ans\u00f6kningar\u201d"},"content":{"rendered":"<p>Rekordm\u00e5nga jobba p\u00e5 f\u00f6rsvarsj\u00e4tten Saab, enligt SvD. S\u00e5 h\u00e4r l\u00e5ngt i\u202f\u00e5r harf\u00f6retaget f\u00e5tt in 150\u202f000 jobbans\u00f6kningar och \u00f6kat personalstyrkan med 5\u202f000 anst\u00e4llda. <\/p>\n<p>\u2013\u202fI september fick vi in 22\u202f000 ans\u00f6kningar. Det \u00e4r den h\u00f6gsta siffra vi n\u00e5gonsin noterat, s\u00e4ger Saabs rekryteringschef Jens Fredenborg. <\/p>\n<p>Om rekryteringstempot forts\u00e4tter kommer bolaget att ha 23\u202f000 anst\u00e4llda i slutet av \u00e5ret \u2013 fler \u00e4n pressade Volvo Cars och strax bakom landets st\u00f6rsta privata arbetsgivare, lastbilsj\u00e4ttarna Volvo och Scania. <\/p>\n<p>B\u00f6rsraketen Saab fick 31\u202f000 nya aktie\u00e4gare i andra kvartalet och \u00e4r nu den sj\u00e4tte mest \u00e4gda folkaktien p\u00e5 Stockholmsb\u00f6rsen, enligt Euroclears siffror.  <\/p>\n<p>Omni \u00e4r politiskt obundna och oberoende. Vi str\u00e4var efter att ge fler perspektiv p\u00e5 nyheterna. Har du fr\u00e5gor eller synpunkter kring v\u00e5r rapportering? <a href=\"https:\/\/omni.se\/rekordmanga-vill-jobba-pa-saab-150000-ansokningar\/a\/mailto:redaktion@omni.se\" class=\"ArticleActions_contactLink__W2F1M\" rel=\"nofollow noopener\" target=\"_blank\">Kontakta redaktionen<\/a><\/p>\n","protected":false},"excerpt":{"rendered":"Rekordm\u00e5nga jobba p\u00e5 f\u00f6rsvarsj\u00e4tten Saab, enligt SvD. S\u00e5 h\u00e4r l\u00e5ngt i\u202f\u00e5r harf\u00f6retaget f\u00e5tt in 150\u202f000 jobbans\u00f6kningar och \u00f6kat&hellip;\n","protected":false},"author":2,"featured_media":52927,"comment_status":"","ping_status":"","sticky":false,"template":"","format":"standard","meta":{"footnotes":""},"categories":[5],"tags":[22,23,26,27,868,17,21,24,25,28,29,15,16,18,2200,946,34,467,31,33,32,30,19,20,2999],"class_list":{"0":"post-52926","1":"post","2":"type-post","3":"status-publish","4":"format-standard","5":"has-post-thumbnail","7":"category-rubriker","8":"tag-breaking-news","9":"tag-breakingnews","10":"tag-featured-news","11":"tag-featurednews","12":"tag-forsvarsindustri","13":"tag-headlines","14":"tag-huvudnyheter","15":"tag-latest-news","16":"tag-latestnews","17":"tag-main-news","18":"tag-mainnews","19":"tag-news","20":"tag-nyheter","21":"tag-rubriker","22":"tag-saab","23":"tag-scania","24":"tag-se","25":"tag-stockholmsborsen","26":"tag-svenska","27":"tag-sverige","28":"tag-sweden","29":"tag-swedish","30":"tag-top-stories","31":"tag-topstories","32":"tag-volvo-cars"},"share_on_mastodon":{"url":"","error":""},"_links":{"self":[{"href":"https:\/\/www.europesays.com\/se\/wp-json\/wp\/v2\/posts\/52926","targetHints":{"allow":["GET"]}}],"collection":[{"href":"https:\/\/www.europesays.com\/se\/wp-json\/wp\/v2\/posts"}],"about":[{"href":"https:\/\/www.europesays.com\/se\/wp-json\/wp\/v2\/types\/post"}],"author":[{"embeddable":true,"href":"https:\/\/www.europesays.com\/se\/wp-json\/wp\/v2\/users\/2"}],"replies":[{"embeddable":true,"href":"https:\/\/www.europesays.com\/se\/wp-json\/wp\/v2\/comments?post=52926"}],"version-history":[{"count":0,"href":"https:\/\/www.europesays.com\/se\/wp-json\/wp\/v2\/posts\/52926\/revisions"}],"wp:featuredmedia":[{"embeddable":true,"href":"https:\/\/www.europesays.com\/se\/wp-json\/wp\/v2\/media\/52927"}],"wp:attachment":[{"href":"https:\/\/www.europesays.com\/se\/wp-json\/wp\/v2\/media?parent=52926"}],"wp:term":[{"taxonomy":"category","embeddable":true,"href":"https:\/\/www.europesays.com\/se\/wp-json\/wp\/v2\/categories?post=52926"},{"taxonomy":"post_tag","embeddable":true,"href":"https:\/\/www.europesays.com\/se\/wp-json\/wp\/v2\/tags?post=52926"}],"curies":[{"name":"wp","href":"https:\/\/api.w.org\/{rel}","templated":true}]}}