{"id":52928,"date":"2025-10-11T10:38:07","date_gmt":"2025-10-11T10:38:07","guid":{"rendered":"https:\/\/www.europesays.com\/se\/52928\/"},"modified":"2025-10-11T10:38:07","modified_gmt":"2025-10-11T10:38:07","slug":"svenska-floden-fylls-av-skumma-ai-klipp-efter-sora-2","status":"publish","type":"post","link":"https:\/\/www.europesays.com\/se\/52928\/","title":{"rendered":"Svenska fl\u00f6den fylls av skumma AI-klipp efter Sora 2"},"content":{"rendered":"<p>Sedan den nya versionen av Open AI:s videogenerator Sora \u2013 finurligt kallad Sora 2 \u2013 sl\u00e4pptes i slutet p\u00e5 september har m\u00e5nga svenska anv\u00e4ndares sociala medier sv\u00e4mmat \u00f6ver av AI-genererade videoklipp. Det rapporterar SVT Nyheter. <\/p>\n<p>Sora 2 kan skapa korta klipp som ofta \u00e5tminstone vid f\u00f6rsta anblick ter sig v\u00e4ldigt realistiska, och hundar som g\u00f6r om\u00f6jliga konster och k\u00e4ndisar som s\u00e4ger ov\u00e4ntade saker tycks vara popul\u00e4ra teman bland videoskaparna.<\/p>\n<p>Enligt kanalens techreporter Evelina Galli kan det leda till en \u00f6kad medvetenhet om hur AI kan anv\u00e4ndas f\u00f6r att luras. <\/p>\n<p>\u2013 N\u00e4r vi ser virala klipp p\u00e5 k\u00e4ndisar som g\u00f6r eller s\u00e4ger skumma saker f\u00f6rst\u00e5r vi snabbt att det \u00e4r AI och d\u00e5 blir ocks\u00e5 den breda massan medveten om vad AI kan g\u00f6ra i dag, s\u00e4ger hon. <\/p>\n<p>Omni \u00e4r politiskt obundna och oberoende. Vi str\u00e4var efter att ge fler perspektiv p\u00e5 nyheterna. Har du fr\u00e5gor eller synpunkter kring v\u00e5r rapportering? <a href=\"https:\/\/omni.se\/svenska-floden-fylls-av-skumma-ai-klipp-efter-sora-2\/a\/mailto:redaktion@omni.se\" class=\"ArticleActions_contactLink__W2F1M\" rel=\"nofollow noopener\" target=\"_blank\">Kontakta redaktionen<\/a><\/p>\n","protected":false},"excerpt":{"rendered":"Sedan den nya versionen av Open AI:s videogenerator Sora \u2013 finurligt kallad Sora 2 \u2013 sl\u00e4pptes i slutet&hellip;\n","protected":false},"author":2,"featured_media":52929,"comment_status":"","ping_status":"","sticky":false,"template":"","format":"standard","meta":{"footnotes":""},"categories":[65],"tags":[72,333,70,71,334,464,34,31,33,32,30],"class_list":{"0":"post-52928","1":"post","2":"type-post","3":"status-publish","4":"format-standard","5":"has-post-thumbnail","7":"category-ekonomi","8":"tag-business","9":"tag-data","10":"tag-economy","11":"tag-ekonomi","12":"tag-it-hogteknologi","13":"tag-open-ai","14":"tag-se","15":"tag-svenska","16":"tag-sverige","17":"tag-sweden","18":"tag-swedish"},"share_on_mastodon":{"url":"","error":""},"_links":{"self":[{"href":"https:\/\/www.europesays.com\/se\/wp-json\/wp\/v2\/posts\/52928","targetHints":{"allow":["GET"]}}],"collection":[{"href":"https:\/\/www.europesays.com\/se\/wp-json\/wp\/v2\/posts"}],"about":[{"href":"https:\/\/www.europesays.com\/se\/wp-json\/wp\/v2\/types\/post"}],"author":[{"embeddable":true,"href":"https:\/\/www.europesays.com\/se\/wp-json\/wp\/v2\/users\/2"}],"replies":[{"embeddable":true,"href":"https:\/\/www.europesays.com\/se\/wp-json\/wp\/v2\/comments?post=52928"}],"version-history":[{"count":0,"href":"https:\/\/www.europesays.com\/se\/wp-json\/wp\/v2\/posts\/52928\/revisions"}],"wp:featuredmedia":[{"embeddable":true,"href":"https:\/\/www.europesays.com\/se\/wp-json\/wp\/v2\/media\/52929"}],"wp:attachment":[{"href":"https:\/\/www.europesays.com\/se\/wp-json\/wp\/v2\/media?parent=52928"}],"wp:term":[{"taxonomy":"category","embeddable":true,"href":"https:\/\/www.europesays.com\/se\/wp-json\/wp\/v2\/categories?post=52928"},{"taxonomy":"post_tag","embeddable":true,"href":"https:\/\/www.europesays.com\/se\/wp-json\/wp\/v2\/tags?post=52928"}],"curies":[{"name":"wp","href":"https:\/\/api.w.org\/{rel}","templated":true}]}}