{"id":52935,"date":"2025-10-11T10:51:07","date_gmt":"2025-10-11T10:51:07","guid":{"rendered":"https:\/\/www.europesays.com\/se\/52935\/"},"modified":"2025-10-11T10:51:07","modified_gmt":"2025-10-11T10:51:07","slug":"mikael-arnberg-dog-i-magsackscancer-en-manad-efter-diagnosen","status":"publish","type":"post","link":"https:\/\/www.europesays.com\/se\/52935\/","title":{"rendered":"Mikael Arnberg dog i mags\u00e4ckscancer \u2013 en m\u00e5nad efter diagnosen"},"content":{"rendered":"<p>Publicerad 11 okt 2025 kl 11.00Uppdaterad kl 11.49<\/p>\n<p> Premium P\u00e5 bara en m\u00e5nad f\u00f6rlorade Fredrika Eriksson, 35, sin sambo Mikael, 37, i spridd mags\u00e4ckscancer:<\/p>\n<p>\u2013 Det var inga tydliga symtom f\u00f6rr\u00e4n det var f\u00f6r sent, ber\u00e4ttar hon.<\/p>\n<p>Kvart i elva p\u00e5 f\u00f6rmiddagen den 14 juli, kramade hon hans hand f\u00f6r sista g\u00e5ngen:<\/p>\n<p>\u2013 Allt gick s\u00e5 fort att vi knappt hann f\u00f6rst\u00e5 vad som h\u00e4nde.<\/p>\n","protected":false},"excerpt":{"rendered":"Publicerad 11 okt 2025 kl 11.00Uppdaterad kl 11.49 Premium P\u00e5 bara en m\u00e5nad f\u00f6rlorade Fredrika Eriksson, 35, sin&hellip;\n","protected":false},"author":2,"featured_media":52936,"comment_status":"","ping_status":"","sticky":false,"template":"","format":"standard","meta":{"footnotes":""},"categories":[69],"tags":[878,5150,5149,113,3473,112,1139,34,31,33,32,30],"class_list":{"0":"post-52935","1":"post","2":"type-post","3":"status-publish","4":"format-standard","5":"has-post-thumbnail","7":"category-halsa","8":"tag-borlange","9":"tag-dalarna","10":"tag-falun","11":"tag-halsa","12":"tag-halsa-sjukvard","13":"tag-health","14":"tag-mag-tarmbesvar","15":"tag-se","16":"tag-svenska","17":"tag-sverige","18":"tag-sweden","19":"tag-swedish"},"share_on_mastodon":{"url":"","error":""},"_links":{"self":[{"href":"https:\/\/www.europesays.com\/se\/wp-json\/wp\/v2\/posts\/52935","targetHints":{"allow":["GET"]}}],"collection":[{"href":"https:\/\/www.europesays.com\/se\/wp-json\/wp\/v2\/posts"}],"about":[{"href":"https:\/\/www.europesays.com\/se\/wp-json\/wp\/v2\/types\/post"}],"author":[{"embeddable":true,"href":"https:\/\/www.europesays.com\/se\/wp-json\/wp\/v2\/users\/2"}],"replies":[{"embeddable":true,"href":"https:\/\/www.europesays.com\/se\/wp-json\/wp\/v2\/comments?post=52935"}],"version-history":[{"count":0,"href":"https:\/\/www.europesays.com\/se\/wp-json\/wp\/v2\/posts\/52935\/revisions"}],"wp:featuredmedia":[{"embeddable":true,"href":"https:\/\/www.europesays.com\/se\/wp-json\/wp\/v2\/media\/52936"}],"wp:attachment":[{"href":"https:\/\/www.europesays.com\/se\/wp-json\/wp\/v2\/media?parent=52935"}],"wp:term":[{"taxonomy":"category","embeddable":true,"href":"https:\/\/www.europesays.com\/se\/wp-json\/wp\/v2\/categories?post=52935"},{"taxonomy":"post_tag","embeddable":true,"href":"https:\/\/www.europesays.com\/se\/wp-json\/wp\/v2\/tags?post=52935"}],"curies":[{"name":"wp","href":"https:\/\/api.w.org\/{rel}","templated":true}]}}