{"id":52952,"date":"2025-10-11T11:22:28","date_gmt":"2025-10-11T11:22:28","guid":{"rendered":"https:\/\/www.europesays.com\/se\/52952\/"},"modified":"2025-10-11T11:22:28","modified_gmt":"2025-10-11T11:22:28","slug":"roony-bardghjis-kritik-ar-inte-oss-sjalva-landslaget","status":"publish","type":"post","link":"https:\/\/www.europesays.com\/se\/52952\/","title":{"rendered":"Roony Bardghjis kritik: \u201d\u00c4r inte oss sj\u00e4lva\u201d | Landslaget"},"content":{"rendered":"<p>Publicerad 11 okt 2025 kl 12.03<\/p>\n<p>Svenskt fiasko i VM-kvalet.<\/p>\n<p>Supertalangen Roony Bardghji anser att n\u00e5got h\u00e5ller tillbaka Sverige.<\/p>\n<p>\u2013 Jag k\u00e4nner att det inte \u00e4r s\u00e5 mycket frihet. Spelarna \u00e4r inte sig sj\u00e4lva.<\/p>\n<p><img loading=\"lazy\"   alt=\"\"\/> <\/p>\n<p>Foto: JESPER ZERMAN \/ BILDBYR\u00c5N<\/p>\n<p>\u00d6ppna bild i helsk\u00e4rm<img loading=\"lazy\"   alt=\"\"\/> <\/p>\n<p>Foto: SIMON HASTEG\u00c5RD \/ BILDBYR\u00c5N<\/p>\n<p>\u00d6ppna bild i helsk\u00e4rm<\/p>\n<p>Chanserna att n\u00e5 VM i Kanada, Mexiko och USA 2026 har minskat drastiskt f\u00f6r Sverige.<\/p>\n<p>Trots en p\u00e5 papperet gynnsam lottning och en talangfull spelargrupp ligger Bl\u00e5gult sist i gruppen efter tre matcher.<\/p>\n<p>Efter 0\u20132-f\u00f6rlusten mot Schweiz var m\u00e5nga supportrar och experter kritiska mot f\u00f6rbundskapten Jon Dahl Tomasson.<\/p>\n<p>Danskens 3\u20135\u20132-system och val av byten kritiserades s\u00e4rskilt \u2013\u00a0och buades ut b\u00e5de inf\u00f6r och efter matchen.<\/p>\n<p>Supertalangen <a href=\"https:\/\/www.expressen.se\/tagg\/person\/roony-bardghji\/\" class=\"\" rel=\"nofollow noopener\" target=\"_blank\">Roony Bardghji<\/a> hade f\u00f6rst\u00e5else f\u00f6r fansens burop.<\/p>\n<p>\u2013 Jag f\u00f6rst\u00e5r till 100 procent. Vi ville g\u00f6ra det mycket b\u00e4ttre. Det \u00e4r ett VM vi spelar om. Det ska bara vara mycket b\u00e4ttre \u00e4n vad det \u00e4r nu.<\/p>\n<p>Talangen: \u201d\u00c4r inte sig sj\u00e4lva\u201d<\/p>\n<p>Den 19-\u00e5rige Barcelona-yttern fick hoppa in slutskedet mot Schweiz och gjorde d\u00e4rmed sin debut i A-landslaget.\u00a0<\/p>\n<p>Han har sina tankar om hur Sverige ska g\u00e5 vidare.<\/p>\n<p>\u2013 Vi ska bara njuta n\u00e4r vi spelar. Jag k\u00e4nner att det inte \u00e4r s\u00e5 mycket frihet. Spelarna \u00e4r inte sig sj\u00e4lva. Jag tycker att vi bara ska g\u00e5 ut och spela fin fotboll, vi har mycket kvaliteter i laget. Jag tror att n\u00e4r man spelar med frihet och som man g\u00f6r i sina klubblag s\u00e5 kommer det bli bra.<\/p>\n<p>\u2013 Jag har inte varit h\u00e4r s\u00e5 l\u00e4nge, men efter de tv\u00e5 matcherna senast &#8230; Jag tycker bara att vi ska gl\u00f6mma bort pressen och njuta. D\u00e5 tror jag att vi kan vinna matcher.<\/p>\n<p><strong>Upplever du att ni \u00e4r l\u00e5sta i spels\u00e4ttet?<\/strong><\/p>\n<p>\u2013 Det \u00e4r inte s\u00e5 att n\u00e5gon l\u00e5ser in oss. Jag vet inte om det \u00e4r pressen eller vad det \u00e4r. Jag tycker bara att vi ska g\u00e5 ut och spela som oss sj\u00e4lva.<\/p>\n<p>Sverige m\u00f6ter Kosovo i G\u00f6teborg p\u00e5 m\u00e5ndag.<\/p>\n","protected":false},"excerpt":{"rendered":"Publicerad 11 okt 2025 kl 12.03 Svenskt fiasko i VM-kvalet. Supertalangen Roony Bardghji anser att n\u00e5got h\u00e5ller tillbaka&hellip;\n","protected":false},"author":2,"featured_media":52953,"comment_status":"","ping_status":"","sticky":false,"template":"","format":"standard","meta":{"footnotes":""},"categories":[5],"tags":[22,23,26,27,17,21,24,25,28,29,15,16,1336,1337,4939,18,34,129,146,31,33,32,30,19,20],"class_list":{"0":"post-52952","1":"post","2":"type-post","3":"status-publish","4":"format-standard","5":"has-post-thumbnail","7":"category-rubriker","8":"tag-breaking-news","9":"tag-breakingnews","10":"tag-featured-news","11":"tag-featurednews","12":"tag-headlines","13":"tag-huvudnyheter","14":"tag-latest-news","15":"tag-latestnews","16":"tag-main-news","17":"tag-mainnews","18":"tag-news","19":"tag-nyheter","20":"tag-organization-sveriges-herrlandslag-i-fotboll","21":"tag-person-jon-dahl-tomasson","22":"tag-person-roony-bardghji","23":"tag-rubriker","24":"tag-se","25":"tag-sections-fotboll","26":"tag-sections-landslaget","27":"tag-svenska","28":"tag-sverige","29":"tag-sweden","30":"tag-swedish","31":"tag-top-stories","32":"tag-topstories"},"share_on_mastodon":{"url":"","error":""},"_links":{"self":[{"href":"https:\/\/www.europesays.com\/se\/wp-json\/wp\/v2\/posts\/52952","targetHints":{"allow":["GET"]}}],"collection":[{"href":"https:\/\/www.europesays.com\/se\/wp-json\/wp\/v2\/posts"}],"about":[{"href":"https:\/\/www.europesays.com\/se\/wp-json\/wp\/v2\/types\/post"}],"author":[{"embeddable":true,"href":"https:\/\/www.europesays.com\/se\/wp-json\/wp\/v2\/users\/2"}],"replies":[{"embeddable":true,"href":"https:\/\/www.europesays.com\/se\/wp-json\/wp\/v2\/comments?post=52952"}],"version-history":[{"count":0,"href":"https:\/\/www.europesays.com\/se\/wp-json\/wp\/v2\/posts\/52952\/revisions"}],"wp:featuredmedia":[{"embeddable":true,"href":"https:\/\/www.europesays.com\/se\/wp-json\/wp\/v2\/media\/52953"}],"wp:attachment":[{"href":"https:\/\/www.europesays.com\/se\/wp-json\/wp\/v2\/media?parent=52952"}],"wp:term":[{"taxonomy":"category","embeddable":true,"href":"https:\/\/www.europesays.com\/se\/wp-json\/wp\/v2\/categories?post=52952"},{"taxonomy":"post_tag","embeddable":true,"href":"https:\/\/www.europesays.com\/se\/wp-json\/wp\/v2\/tags?post=52952"}],"curies":[{"name":"wp","href":"https:\/\/api.w.org\/{rel}","templated":true}]}}