{"id":53030,"date":"2025-10-11T13:35:23","date_gmt":"2025-10-11T13:35:23","guid":{"rendered":"https:\/\/www.europesays.com\/se\/53030\/"},"modified":"2025-10-11T13:35:23","modified_gmt":"2025-10-11T13:35:23","slug":"robinson-deltagarna-1999-sorjer-lisa-knapp-robban-tragiskt","status":"publish","type":"post","link":"https:\/\/www.europesays.com\/se\/53030\/","title":{"rendered":"Robinson-deltagarna 1999 s\u00f6rjer Lisa Knapp \u2013 Robban: Tragiskt"},"content":{"rendered":"<p>Publicerad 10 okt 2025 kl 13.38<\/p>\n<p>Lisa Knapp blev popul\u00e4r bland sina medt\u00e4vlande i \u201dRobinson\u201d 1999.<\/p>\n<p>\u2013 Fy fan vad tragiskt, s\u00e4ger \u201dRobban\u201d Andersson efter beskedet om hennes bortg\u00e5ng.<\/p>\n<p>\u2013 Lisa var gener\u00f6s, n\u00e4rvarande, varm, glad, \u00e4rlig, lite galen, s\u00e4ger Ulrika Klintell.<\/p>\n<p><img   alt=\"\"\/><\/p>\n<p>Lisa Knapp 2011.<\/p>\n<p>Foto: Fredrik Hessman\/TT \/ TT NYHETSBYR\u00c5N<\/p>\n<p>\u00d6ppna bild i helsk\u00e4rm<img loading=\"lazy\"   alt=\"\"\/><\/p>\n<p>Programledaren Anders Lundin och Alexandra Zazzi 1999.<\/p>\n<p>Foto: SVT<\/p>\n<p>\u00d6ppna bild i helsk\u00e4rm<img loading=\"lazy\"   alt=\"\"\/><\/p>\n<p>\u201dRobban\u201d Andersson i \u201dLet&#8217;s dance\u201d.<\/p>\n<p>Foto: OLLE SPORRONG<\/p>\n<p>\u00d6ppna bild i helsk\u00e4rm<img loading=\"lazy\"   alt=\"\"\/><\/p>\n<p>Alexandra Zazzi.<\/p>\n<p>Foto: ROBIN ARON \/ ROBIN ARON GT-EXPRESSEN<\/p>\n<p>\u00d6ppna bild i helsk\u00e4rm<img loading=\"lazy\"   alt=\"\"\/>\u00d6ppna bild i helsk\u00e4rm<\/p>\n<p>Lisa Knapp t\u00e4vlade i \u201dExpedition: Robinson\u201d 1999. Det var tredje upplagan av det d\u00e5 helt nya formatet i SVT, och <a href=\"https:\/\/www.expressen.se\/tagg\/person\/anders-lundin\/\" class=\"\" rel=\"nofollow noopener\" target=\"_blank\">Anders Lundin<\/a> programledde. Lisa Knapp r\u00f6stades ut strax f\u00f6re finalen, som till slut vanns av Jerker Dalman.<\/p>\n<p>Ocks\u00e5 Robert \u201dRobban\u201d Andersson t\u00e4vlade samma \u00e5r.<\/p>\n<p>Han minns Lisa Knapp \u2013 som <a href=\"https:\/\/www.expressen.se\/noje\/musik\/andreas-johnsons-fru-lisa-knapp-har-avlidit\/\" rel=\"nofollow noopener\" target=\"_blank\">gick bort p\u00e5 onsdagen <\/a>efter att hennes aorta brustit \u2013 v\u00e4l.<\/p>\n<p>\u2013 Fy fan vad tragiskt. Lisa f\u00f6rtj\u00e4nade ett l\u00e4ngre liv, s\u00e4ger han.<\/p>\n<p>\u2013 Jag l\u00e4rde k\u00e4nna miss Knapp som paktmotst\u00e5ndare i Robinson 99. Hon stod som fr\u00e4msta m\u00e5ltavla att bli utr\u00f6stad av oss fyra grabbar som f\u00f6rs\u00f6kte styra och st\u00e4lla p\u00e5 stranden. Detta p\u00e5 grund av att hon var duktig p\u00e5 det mesta \u2013 och var det st\u00f6rsta hotet mot v\u00e5r oheliga allians.<\/p>\n<p><img loading=\"lazy\"   alt=\"\"\/><\/p>\n<p>\u201dRobban\u201d under \u201dRobinson\u201d 2003 d\u00e5 han var med igen. H\u00e4r med \u201dMirre\u201d.<\/p>\n<p>Foto: CORNELIA NORDSTR\u00d6M<\/p>\n<p>\u00d6ppna bild i helsk\u00e4rm<img loading=\"lazy\"   alt=\"\"\/><\/p>\n<p>Lisa Knapp l\u00e4ngst till v\u00e4nster i bild p\u00e5 ett \u201dRobinson\u201d-firande p\u00e5 Spy bar.<\/p>\n<p>Foto: Ulf Palm\/TT<\/p>\n<p>\u00d6ppna bild i helsk\u00e4rm<\/p>\n<p>Han minns Lisa Knapp som en \u201dglad och varm m\u00e4nniska\u201d.<\/p>\n<p>\u2013 Hon sprudlade av energi och inget tycktes om\u00f6jligt f\u00f6r henne.<\/p>\n<p>Ocks\u00e5 deltagaren Ulrika Klintell minns Lisa Knapp med v\u00e4rme.<\/p>\n<p>\u2013 N\u00e4r vi var p\u00e5 \u00f6n var hon otroligt omt\u00e4nksam. Hon servade alla, sprang och h\u00e4mtade vatten medan vi l\u00e5g d\u00e4r lite lata och s\u00e5. Hon var v\u00e4ldigt s\u00e5 \u201dkan jag hj\u00e4lpa till?\u201d.<\/p>\n<p>\u2013 En v\u00e4ldigt sn\u00e4ll m\u00e4nniska.<\/p>\n<p>Alexandra Zazzi: \u201dFinns inga ord\u201d<\/p>\n<p>Kocken och tv-profilen Alexandra Zazzi vann \u201dRobinson\u201d 1998 Hon l\u00e4rde k\u00e4nna Lisa Knapp \u00e5ret d\u00e4rp\u00e5, genom programmet.<\/p>\n<p>\u2013 Vi h\u00e4ngde j\u00e4ttemycket under den perioden och gjorde busiga saker, s\u00e4ger hon.<\/p>\n<p>\u2013 Lisa var gener\u00f6s, n\u00e4rvarande, varm, glad, \u00e4rlig, lite galen, haha. J\u00e4tteh\u00e4rlig m\u00e4nniska. Hennes familj betydde otroligt mycket f\u00f6r henne. Ofattbart tragiskt. Jag beklagar verkligen sorgen. Det finns inga ord att anv\u00e4nda sig av.<\/p>\n","protected":false},"excerpt":{"rendered":"Publicerad 10 okt 2025 kl 13.38 Lisa Knapp blev popul\u00e4r bland sina medt\u00e4vlande i \u201dRobinson\u201d 1999. \u2013 Fy&hellip;\n","protected":false},"author":2,"featured_media":53031,"comment_status":"","ping_status":"","sticky":false,"template":"","format":"standard","meta":{"footnotes":""},"categories":[67],"tags":[104,3114,5163,5162,34,31,33,32,30,310,218,105],"class_list":{"0":"post-53030","1":"post","2":"type-post","3":"status-publish","4":"format-standard","5":"has-post-thumbnail","7":"category-underhallning","8":"tag-entertainment","9":"tag-organization-robinson","10":"tag-person-alexandra-zazzi","11":"tag-person-anders-lundin","12":"tag-se","13":"tag-svenska","14":"tag-sverige","15":"tag-sweden","16":"tag-swedish","17":"tag-topic-kandisar","18":"tag-topic-realityprogram","19":"tag-underhallning"},"share_on_mastodon":{"url":"","error":""},"_links":{"self":[{"href":"https:\/\/www.europesays.com\/se\/wp-json\/wp\/v2\/posts\/53030","targetHints":{"allow":["GET"]}}],"collection":[{"href":"https:\/\/www.europesays.com\/se\/wp-json\/wp\/v2\/posts"}],"about":[{"href":"https:\/\/www.europesays.com\/se\/wp-json\/wp\/v2\/types\/post"}],"author":[{"embeddable":true,"href":"https:\/\/www.europesays.com\/se\/wp-json\/wp\/v2\/users\/2"}],"replies":[{"embeddable":true,"href":"https:\/\/www.europesays.com\/se\/wp-json\/wp\/v2\/comments?post=53030"}],"version-history":[{"count":0,"href":"https:\/\/www.europesays.com\/se\/wp-json\/wp\/v2\/posts\/53030\/revisions"}],"wp:featuredmedia":[{"embeddable":true,"href":"https:\/\/www.europesays.com\/se\/wp-json\/wp\/v2\/media\/53031"}],"wp:attachment":[{"href":"https:\/\/www.europesays.com\/se\/wp-json\/wp\/v2\/media?parent=53030"}],"wp:term":[{"taxonomy":"category","embeddable":true,"href":"https:\/\/www.europesays.com\/se\/wp-json\/wp\/v2\/categories?post=53030"},{"taxonomy":"post_tag","embeddable":true,"href":"https:\/\/www.europesays.com\/se\/wp-json\/wp\/v2\/tags?post=53030"}],"curies":[{"name":"wp","href":"https:\/\/api.w.org\/{rel}","templated":true}]}}