{"id":53040,"date":"2025-10-11T13:50:08","date_gmt":"2025-10-11T13:50:08","guid":{"rendered":"https:\/\/www.europesays.com\/se\/53040\/"},"modified":"2025-10-11T13:50:08","modified_gmt":"2025-10-11T13:50:08","slug":"rosengards-attonde-raka-forlust-damallsvenskan","status":"publish","type":"post","link":"https:\/\/www.europesays.com\/se\/53040\/","title":{"rendered":"Roseng\u00e5rds \u00e5ttonde raka f\u00f6rlust | Damallsvenskan"},"content":{"rendered":"<p>Publicerad 11 okt 2025 kl 15.02<\/p>\n<p>Roseng\u00e5rd f\u00f6rlorade l\u00f6rdagens match mot Djurg\u00e5rden med 1\u20132. Den regerande svenska m\u00e4staren har nu \u00e5tta raka f\u00f6rluster i damallsvenskan.\u00a0<\/p>\n<p><img   alt=\"\"\/> <\/p>\n<p>Foto: MATHILDA SCHULER \/ BILDBYR\u00c5N<\/p>\n<p>\u00d6ppna bild i helsk\u00e4rm<img loading=\"lazy\"   alt=\"\"\/> <\/p>\n<p>Foto: Johan Nilsson \/ TT \/ TT NYHETSBYR\u00c5N<\/p>\n<p>\u00d6ppna bild i helsk\u00e4rm<\/p>\n<p>F\u00f6rra s\u00e4songen f\u00f6rlorade Roseng\u00e5rd en enda match i ligan under hela s\u00e4songen. Nu ligger laget p\u00e5 kvalplats med 18 inspelade po\u00e4ng efter 22 spelade matcher.\u00a0<\/p>\n<p>Roseng\u00e5rd var spelm\u00e4ssigt b\u00e4ttre i den f\u00f6rsta halvleken och Emilia Larsson hade avslut i b\u00e5de ribba och stolpe.\u00a0<\/p>\n<p>\u2013 Det ser v\u00e4l mycket b\u00e4ttre ut \u00e4n det gjort de tidigare matcherna. Jag m\u00e5ste sluta skjuta fruktansv\u00e4rt d\u00e5ligt, sade Larsson till Viaplay i halvtid.\u00a0<\/p>\n<p>Trots det tog Djurg\u00e5rden ledningen direkt i andra halvlek n\u00e4r Olivia Ulenius tillt\u00e4nkta inl\u00e4gg studsade i stolpen in i m\u00e5l.\u00a0<\/p>\n<p>Det var Ulenius som ocks\u00e5 gjorde matchens andra m\u00e5l n\u00e4r hon drog till utanf\u00f6r straffomr\u00e5det med ett v\u00e4lplacerat skott som Sam Murphy i Roseng\u00e5rd-m\u00e5let inte kunde n\u00e5.<\/p>\n<p>Sk\u00e5nelaget fick en straff i slutminuterna som Emma Jansson satte, men det blev inte mer \u00e4n s\u00e5.<\/p>\n<p>Roseng\u00e5rd har nu elva raka matcher utan seger, varav nio f\u00f6rluster, i damallsvenskan.\u00a0<\/p>\n<p>Djurg\u00e5rden ligger p\u00e5 en fj\u00e4rdeplats i tabellen.\u00a0<\/p>\n","protected":false},"excerpt":{"rendered":"Publicerad 11 okt 2025 kl 15.02 Roseng\u00e5rd f\u00f6rlorade l\u00f6rdagens match mot Djurg\u00e5rden med 1\u20132. Den regerande svenska m\u00e4staren&hellip;\n","protected":false},"author":2,"featured_media":53041,"comment_status":"","ping_status":"","sticky":false,"template":"","format":"standard","meta":{"footnotes":""},"categories":[68],"tags":[2750,4318,34,226,129,111,110,31,33,32,30],"class_list":{"0":"post-53040","1":"post","2":"type-post","3":"status-publish","4":"format-standard","5":"has-post-thumbnail","7":"category-sport","8":"tag-organization-djurgarden-fotboll-dam","9":"tag-organization-fc-rosengard","10":"tag-se","11":"tag-sections-damallsvenskan","12":"tag-sections-fotboll","13":"tag-sport","14":"tag-sports","15":"tag-svenska","16":"tag-sverige","17":"tag-sweden","18":"tag-swedish"},"share_on_mastodon":{"url":"","error":""},"_links":{"self":[{"href":"https:\/\/www.europesays.com\/se\/wp-json\/wp\/v2\/posts\/53040","targetHints":{"allow":["GET"]}}],"collection":[{"href":"https:\/\/www.europesays.com\/se\/wp-json\/wp\/v2\/posts"}],"about":[{"href":"https:\/\/www.europesays.com\/se\/wp-json\/wp\/v2\/types\/post"}],"author":[{"embeddable":true,"href":"https:\/\/www.europesays.com\/se\/wp-json\/wp\/v2\/users\/2"}],"replies":[{"embeddable":true,"href":"https:\/\/www.europesays.com\/se\/wp-json\/wp\/v2\/comments?post=53040"}],"version-history":[{"count":0,"href":"https:\/\/www.europesays.com\/se\/wp-json\/wp\/v2\/posts\/53040\/revisions"}],"wp:featuredmedia":[{"embeddable":true,"href":"https:\/\/www.europesays.com\/se\/wp-json\/wp\/v2\/media\/53041"}],"wp:attachment":[{"href":"https:\/\/www.europesays.com\/se\/wp-json\/wp\/v2\/media?parent=53040"}],"wp:term":[{"taxonomy":"category","embeddable":true,"href":"https:\/\/www.europesays.com\/se\/wp-json\/wp\/v2\/categories?post=53040"},{"taxonomy":"post_tag","embeddable":true,"href":"https:\/\/www.europesays.com\/se\/wp-json\/wp\/v2\/tags?post=53040"}],"curies":[{"name":"wp","href":"https:\/\/api.w.org\/{rel}","templated":true}]}}