{"id":53047,"date":"2025-10-11T14:07:42","date_gmt":"2025-10-11T14:07:42","guid":{"rendered":"https:\/\/www.europesays.com\/se\/53047\/"},"modified":"2025-10-11T14:07:42","modified_gmt":"2025-10-11T14:07:42","slug":"han-visade-klassamhallets-forbjudna-karlek-och-drommar","status":"publish","type":"post","link":"https:\/\/www.europesays.com\/se\/53047\/","title":{"rendered":"Han visade klassamh\u00e4llets f\u00f6rbjudna k\u00e4rlek och dr\u00f6mmar"},"content":{"rendered":"<p>Den 32-\u00e5rige f\u00f6rfattaren Bo Widerberg (1930\u20131997) svingade mot sj\u00e4lvaste demonregiss\u00f6ren n\u00e4r han i Visionen i svensk film (1962) ville f\u00f6ra den internationellt aktade svenska filmkonsten i en ny riktning. Ingmar Bergman kallade han \u201dv\u00e5r andes dalah\u00e4st i v\u00e4rlden\u201d och beskrev geniets filmer som \u201den exportvara h\u00f6ljd i exotism\u201d.\u00a0<\/p>\n<p>N\u00e4r Widerberg nu stack ut hakan fick han m\u00f6jligheten att visa vad han sj\u00e4lv gick f\u00f6r. Widerberg ville bort fr\u00e5n Bergmans psykologiska kammarspel i h\u00f6gborgerliga milj\u00f6er eller nattsvarta existentiella mysteriespel i en sagolik medeltid. Med Jan Troell bakom linsen och Thommy Berggren framf\u00f6r kameran kom han att f\u00f6r\u00e4ndra svensk film. Nu skulle riktiga liv och vanliga m\u00e4nniskor skildras, arbetarna skulle f\u00e5 st\u00e5 i filmljuset.  <\/p>\n<p><img loading=\"lazy\" decoding=\"async\" width=\"1080\" height=\"809\" src=\"https:\/\/www.europesays.com\/se\/wp-content\/uploads\/2025\/10\/sdla6JEf07xnw8-nh-1080x809.jpg\" alt=\"\" class=\"wp-image-233306\"  \/>Bo Widerberg i klipprummet 1966. 1966. Foto: TT <\/p>\n<p>Filmen var knappast fr\u00e4mmande f\u00f6r Widerberg, hans mest framg\u00e5ngsrika roman var den v\u00e5gade Erotikon (1957), namngiven efter Mauritz Stillers klassiska film fr\u00e5n 1920. Det \u00e4r en ber\u00e4ttelse om den gr\u00e4nsl\u00f6sa k\u00e4rleken och otill\u00e5tna \u00f6verskridande romanser var n\u00e5got han skulle \u00e5terv\u00e4nda till. <\/p>\n<p>Den malm\u00f6itiske filmskaparen var son till kontorsvaktm\u00e4staren Arvid Widerberg som blev en framg\u00e5ngsrik sj\u00e4lvl\u00e4rd m\u00e5lare och grafiker efter att han b\u00f6rjat roa sig med sonens penslar och f\u00e4rger. I dag finns dennes verk bland annat representerade i Moderna museets samlingar. Konsten som n\u00e5got frig\u00f6rande och v\u00e4gen till ett rikare liv finns som ett genomg\u00e5ende motiv i Widerbergs filmer. <\/p>\n<p><img loading=\"lazy\" decoding=\"async\" width=\"1080\" height=\"748\" src=\"https:\/\/www.europesays.com\/se\/wp-content\/uploads\/2025\/10\/sdl5Y6psOtZjwM-nh-1080x748.jpg\" alt=\"\" class=\"wp-image-233315\"  \/>Bo Widerberg och Tommy Berggren tillsammans 1965. Foto: Jan Collsi\u00f6\u00f6 \/ TT Historical <\/p>\n<p>Det ser vi redan i debuten Barnvagnen (1963). Fabriksarbeterskan Britt Larsson (Ingrid Taube) vantrivs i tillvarons tristess och flyr den tillsammans med r\u00f6rl\u00e4ggaren Robban (Lars Passg\u00e5rd), som b\u00e4r p\u00e5 stora dr\u00f6mmar om att bli pops\u00e5ngare. Hon blir gravid, men de m\u00e4ktar inte med att leva med varandra. I st\u00e4llet s\u00f6ker hon tr\u00f6st hos den intellektuelle Bj\u00f6rn (Thommy Berggren) som med sin borgerliga bakgrund kan visa henne en f\u00f6runderlig v\u00e4rld av konst och musik. <\/p>\n<p><img loading=\"lazy\" decoding=\"async\" width=\"795\" height=\"1080\" src=\"https:\/\/www.europesays.com\/se\/wp-content\/uploads\/2025\/10\/sdlqIUDnKgclWQ-nh-795x1080.jpg\" alt=\"\" class=\"wp-image-233307\"  \/>Bo Widerberg (till v\u00e4nster) h\u00e5ller manusm\u00f6te i Malm\u00f6s slumkvarter med sk\u00e5despelarna i Kvarteret Korpen 1963. Foto: TT<\/p>\n<p>Med Kvarteret Korpen (1963) visade Widerberg var sk\u00e5pet skulle st\u00e5. Vi f\u00f6rs till Malm\u00f6 1936, \u00e4nnu pl\u00e5gat av depressionen. Det \u00e4r tid f\u00f6r f\u00f6rsta maj-t\u00e5get och Berlinolympiaden n\u00e4rmar sig. Berggren spelar Anders som bor i fattigkvarteret Korpen med sin sv\u00e5rt alkoholiserade far och de h\u00e5rt arbetande modern som f\u00f6rs\u00f6rjer familjen. Anders dr\u00f6mmer om att bli f\u00f6rfattare och en dag kommer brevet fr\u00e5n det stora f\u00f6rlaget i Stockholm som ska bli biljetten till ett annat b\u00e4ttre liv. Filmen nominerades till en Oscar f\u00f6r b\u00e4sta utl\u00e4ndska film. <\/p>\n<p>Stor internationell uppm\u00e4rksamhet fick ocks\u00e5 den romantiska tragedin Elvira Madigan (1967). Berggren och Pia Degerman gestaltar den f\u00f6rbjudna och d\u00f6dliga k\u00e4rleken mellan lindanserskan Elvira Madigan och l\u00f6jtnanten Sixten Sparre. Widerbergs och Berggrens sista film tillsammans blev Joe Hill (1971) om den G\u00e4vleborne amerikaemigranten, fackf\u00f6reningsk\u00e4mpen och protests\u00e5ngaren med samma namn. <\/p>\n<p>\u00c5dalen 31 (1969) Oscarsnominerades som b\u00e4sta utl\u00e4ndska film. Den skildrar \u00c5dalsh\u00e4ndelserna n\u00e4r svensk milit\u00e4r sk\u00f6t ihj\u00e4l strejkande och demonstrerande arbetare 1931. Ton\u00e5ringen Kjell Andersson (Peter Schildt) har f\u00e5tt jobb p\u00e5 brukets kontor och undervisas i konst, musik och goda seder av disponentens fru (Anita Bj\u00f6rk). Samtidigt blir han f\u00f6r\u00e4lskad i hennes dotter Anna (Marie De Geer). <\/p>\n<p>Widerberg v\u00e4nde sig sedan till kriminalromanen f\u00f6r sin samh\u00e4llskritik. Maj Sj\u00f6wall och Per Wahl\u00f6\u00f6s Martin Beck-deckare Den vederv\u00e4rdige fr\u00e5n S\u00e4ffle (1971) filmatiserades som Mannen p\u00e5 taket (1976) och Leif G. W. Perssons debutroman Grisfesten (1978) som Mannen fr\u00e5n Mallorca (1984). I b\u00e4gge ser vi Sven Wolter i rollen som samvetsgrann polis som st\u00e4lls inf\u00f6r korruption, k\u00e5randa och maktmissbruk inom den egna organisationen.<\/p>\n<p> Widerbergs sista film blev den Oscarsnominerade Lust och f\u00e4gring stor (1995) i vilken han kn\u00f6t samman sina teman om klassamh\u00e4llet, k\u00e4rleken och konsten. Sonen Johan Widerberg spelar 15-\u00e5ringen Stig som inleder en aff\u00e4r med den 37-\u00e5riga l\u00e4rarinnan Viola (Marika Lagercrantz) samtidigt som hennes alkoholiserade och bankrutte make l\u00e4r honom om musiken och de h\u00f6gre konsterna. <\/p>\n","protected":false},"excerpt":{"rendered":"Den 32-\u00e5rige f\u00f6rfattaren Bo Widerberg (1930\u20131997) svingade mot sj\u00e4lvaste demonregiss\u00f6ren n\u00e4r han i Visionen i svensk film (1962)&hellip;\n","protected":false},"author":2,"featured_media":53048,"comment_status":"","ping_status":"","sticky":false,"template":"","format":"standard","meta":{"footnotes":""},"categories":[67],"tags":[104,903,194,34,31,33,32,30,105],"class_list":{"0":"post-53047","1":"post","2":"type-post","3":"status-publish","4":"format-standard","5":"has-post-thumbnail","7":"category-underhallning","8":"tag-entertainment","9":"tag-film","10":"tag-kultur","11":"tag-se","12":"tag-svenska","13":"tag-sverige","14":"tag-sweden","15":"tag-swedish","16":"tag-underhallning"},"share_on_mastodon":{"url":"","error":""},"_links":{"self":[{"href":"https:\/\/www.europesays.com\/se\/wp-json\/wp\/v2\/posts\/53047","targetHints":{"allow":["GET"]}}],"collection":[{"href":"https:\/\/www.europesays.com\/se\/wp-json\/wp\/v2\/posts"}],"about":[{"href":"https:\/\/www.europesays.com\/se\/wp-json\/wp\/v2\/types\/post"}],"author":[{"embeddable":true,"href":"https:\/\/www.europesays.com\/se\/wp-json\/wp\/v2\/users\/2"}],"replies":[{"embeddable":true,"href":"https:\/\/www.europesays.com\/se\/wp-json\/wp\/v2\/comments?post=53047"}],"version-history":[{"count":0,"href":"https:\/\/www.europesays.com\/se\/wp-json\/wp\/v2\/posts\/53047\/revisions"}],"wp:featuredmedia":[{"embeddable":true,"href":"https:\/\/www.europesays.com\/se\/wp-json\/wp\/v2\/media\/53048"}],"wp:attachment":[{"href":"https:\/\/www.europesays.com\/se\/wp-json\/wp\/v2\/media?parent=53047"}],"wp:term":[{"taxonomy":"category","embeddable":true,"href":"https:\/\/www.europesays.com\/se\/wp-json\/wp\/v2\/categories?post=53047"},{"taxonomy":"post_tag","embeddable":true,"href":"https:\/\/www.europesays.com\/se\/wp-json\/wp\/v2\/tags?post=53047"}],"curies":[{"name":"wp","href":"https:\/\/api.w.org\/{rel}","templated":true}]}}