{"id":53070,"date":"2025-10-11T15:06:07","date_gmt":"2025-10-11T15:06:07","guid":{"rendered":"https:\/\/www.europesays.com\/se\/53070\/"},"modified":"2025-10-11T15:06:07","modified_gmt":"2025-10-11T15:06:07","slug":"lettland-kraver-att-ryssar-lamnar-landet-fore-13-oktober","status":"publish","type":"post","link":"https:\/\/www.europesays.com\/se\/53070\/","title":{"rendered":"Lettland kr\u00e4ver att ryssar l\u00e4mnar landet f\u00f6re 13 oktober"},"content":{"rendered":"<p>Publicerad 11 okt 2025 kl 16.08Uppdaterad kl 16.27<\/p>\n<p>Nato-medlemmen Lettland har meddelat 841 ryssar att de ska l\u00e4mna landet.<\/p>\n<p>Detta innan den 13 oktober \u2013 eller s\u00e5 blir de tv\u00e5ngsdeporterade, skriver <a href=\"https:\/\/www.politico.eu\/article\/latvia-orders-800-russian-citizens-out-mid-october\/\" rel=\"nofollow noopener\" target=\"_blank\">Politico<\/a>.<\/p>\n<p>Utspelet kommer efter en tid av sp\u00e4nt l\u00e4ge mellan de tv\u00e5 l\u00e4nderna.<\/p>\n<p><img   alt=\"\"\/><\/p>\n<p>Lettland sk\u00e4rpte sina immigrationslagar efter kriget i Ukraina. Av de 30 000 ryssar som fanns i landet l\u00e4mnade 2 600 frivilligt.<\/p>\n<p>Foto: Richard Sowersby \/ SHUTTERSTOCK EDITORIAL\/REX\/IBL<\/p>\n<p>\u00d6ppna bild i helsk\u00e4rm<\/p>\n<p>Beskedet kommer efter att de ska ha misslyckat att bevisa sina kunskaper i lettiska och genomg\u00e5 obligatoriska s\u00e4kerhets- och bakgrundskontroller, vilket de skulle ha gjort till den 30 juni i \u00e5r.<\/p>\n<p>Efter starten av kriget i Ukraina sk\u00e4rpte <a href=\"https:\/\/www.expressen.se\/tagg\/location\/lettland\/\" class=\"\" rel=\"nofollow noopener\" target=\"_blank\">Lettland<\/a> sina immigrationslagar 2022 och sk\u00e4rpte dem ytterligare 2024, vilket har gjort de sv\u00e5rare f\u00f6r ryska medborgare att bo i landet.\u00a0<\/p>\n<p>Landet i Baltikum har haft en f\u00f6rsv\u00e5rad relation med Ryssland sedan starten av kriget.\u00a0<\/p>\n<p>I maj uppmanade utrikesministern Baiba Bra\u017ee EU-l\u00e4nder att sluta utf\u00e4rda visum till ryska medborgare p\u00e5 grund av s\u00e4kerhetsproblem i landet. I juni f\u00f6rbj\u00f6ds ryska och belarusiska medborgare arbeta med jobb som med kritisk infrastruktur att g\u00f6ra och \u00e4ven till att k\u00f6pa fastigheter.<\/p>\n<p><img alt=\"\"\/>Ljudklippet gick inte att spela upp<\/p>\n<p>F\u00f6rs\u00f6k igen senare<\/p>\n","protected":false},"excerpt":{"rendered":"Publicerad 11 okt 2025 kl 16.08Uppdaterad kl 16.27 Nato-medlemmen Lettland har meddelat 841 ryssar att de ska l\u00e4mna&hellip;\n","protected":false},"author":2,"featured_media":53071,"comment_status":"","ping_status":"","sticky":false,"template":"","format":"standard","meta":{"footnotes":""},"categories":[14],"tags":[22,23,26,27,17,21,24,25,1599,274,28,29,15,16,18,34,55,31,33,32,30,19,781,20,51,52,53,54],"class_list":{"0":"post-53070","1":"post","2":"type-post","3":"status-publish","4":"format-standard","5":"has-post-thumbnail","7":"category-varlden","8":"tag-breaking-news","9":"tag-breakingnews","10":"tag-featured-news","11":"tag-featurednews","12":"tag-headlines","13":"tag-huvudnyheter","14":"tag-latest-news","15":"tag-latestnews","16":"tag-location-lettland","17":"tag-location-ryssland","18":"tag-main-news","19":"tag-mainnews","20":"tag-news","21":"tag-nyheter","22":"tag-rubriker","23":"tag-se","24":"tag-sections-varlden","25":"tag-svenska","26":"tag-sverige","27":"tag-sweden","28":"tag-swedish","29":"tag-top-stories","30":"tag-topic-utrikespolitik","31":"tag-topstories","32":"tag-varlden","33":"tag-world","34":"tag-world-news","35":"tag-worldnews"},"share_on_mastodon":{"url":"","error":""},"_links":{"self":[{"href":"https:\/\/www.europesays.com\/se\/wp-json\/wp\/v2\/posts\/53070","targetHints":{"allow":["GET"]}}],"collection":[{"href":"https:\/\/www.europesays.com\/se\/wp-json\/wp\/v2\/posts"}],"about":[{"href":"https:\/\/www.europesays.com\/se\/wp-json\/wp\/v2\/types\/post"}],"author":[{"embeddable":true,"href":"https:\/\/www.europesays.com\/se\/wp-json\/wp\/v2\/users\/2"}],"replies":[{"embeddable":true,"href":"https:\/\/www.europesays.com\/se\/wp-json\/wp\/v2\/comments?post=53070"}],"version-history":[{"count":0,"href":"https:\/\/www.europesays.com\/se\/wp-json\/wp\/v2\/posts\/53070\/revisions"}],"wp:featuredmedia":[{"embeddable":true,"href":"https:\/\/www.europesays.com\/se\/wp-json\/wp\/v2\/media\/53071"}],"wp:attachment":[{"href":"https:\/\/www.europesays.com\/se\/wp-json\/wp\/v2\/media?parent=53070"}],"wp:term":[{"taxonomy":"category","embeddable":true,"href":"https:\/\/www.europesays.com\/se\/wp-json\/wp\/v2\/categories?post=53070"},{"taxonomy":"post_tag","embeddable":true,"href":"https:\/\/www.europesays.com\/se\/wp-json\/wp\/v2\/tags?post=53070"}],"curies":[{"name":"wp","href":"https:\/\/api.w.org\/{rel}","templated":true}]}}