{"id":53074,"date":"2025-10-11T15:10:14","date_gmt":"2025-10-11T15:10:14","guid":{"rendered":"https:\/\/www.europesays.com\/se\/53074\/"},"modified":"2025-10-11T15:10:14","modified_gmt":"2025-10-11T15:10:14","slug":"manfall-i-karlskoga-staller-upp-med-tio-forwards","status":"publish","type":"post","link":"https:\/\/www.europesays.com\/se\/53074\/","title":{"rendered":"Manfall i Karlskoga: St\u00e4ller upp med tio (!) forwards"},"content":{"rendered":"<p><strong><a href=\"https:\/\/hockeysverige.se\/klubb\/bik-karlskoga\/\" rel=\"nofollow noopener\" target=\"_blank\">BIK Karlskoga<\/a> har drabbats av rej\u00e4lt manfall i <a href=\"https:\/\/hockeysverige.se\/hockeyallsvenskan\/\" rel=\"nofollow noopener\" target=\"_blank\">Hockeyallsvenskan<\/a>. <br \/>Nu v\u00e4ljer Dennis Hall att st\u00e4lla upp med endast tio (!) forwards mot \u00d6stersund.<\/strong><\/p>\n<p><img loading=\"lazy\" decoding=\"async\" width=\"1024\" height=\"658\" src=\"https:\/\/www.europesays.com\/se\/wp-content\/uploads\/2025\/10\/Hall-1024x658.webp.webp\" alt=\"\" class=\"wp-image-312117\"  \/>Dennis Hall, tr\u00e4nare i BIK Karlskoga. Foto: Bildbyr\u00e5n\/Fredik Karlsson.<\/p>\n<p>N\u00e4r BIK Karlskoga f\u00f6ll med 1\u20134 mot Almtuna under onsdagen var Sebastian Falk inl\u00e5nad fr\u00e5n Hockeyettan och unge 07:an William Br\u00e5tner med som en del av laget. Detta d\u00e5 man tvingats hantera en l\u00e5ng fr\u00e5nvarolistan. <\/p>\n<p>Nu, n\u00e4r huvudtr\u00e4nare Dennis Hall formerar sitt lag till fredagsm\u00f6tet i \u00d6stersund, saknas \u00e4ven dessa <\/p>\n<p>Det hela g\u00f6r att Karlskoga kommer till spel med totalt tio forwards. Tre kedjor och Viktor Lennartsson som alternativ d\u00e4r bakom. Backsidan kastas om, men f\u00e5r inga nya avbr\u00e4ck, medan Olof Lindbom f\u00e5r fortsatt f\u00f6rtroende i m\u00e5l efter att han hoppat in och r\u00e4ddat tolv av tolv skott dagen efter korttidskontraktet presenterades. <\/p>\n<p>Oliver Eklind, Hampus Plato, Leevi Viitala, Viktor Lang, Alexander Ljungkrantz, Elias Ekstr\u00f6m och Trym Gran \u00e4r de spelare som allt j\u00e4mnt \u00e4r p\u00e5 fr\u00e5nvarolistan. <\/p>\n<p>Se hela BIK Karlskogas lag <strong><a href=\"https:\/\/stats.swehockey.se\/Game\/LineUps\/1005665\" rel=\"nofollow noopener\" target=\"_blank\">H\u00c4R. <\/a><\/strong><\/p>\n","protected":false},"excerpt":{"rendered":"BIK Karlskoga har drabbats av rej\u00e4lt manfall i Hockeyallsvenskan. Nu v\u00e4ljer Dennis Hall att st\u00e4lla upp med endast&hellip;\n","protected":false},"author":2,"featured_media":53075,"comment_status":"","ping_status":"","sticky":false,"template":"","format":"standard","meta":{"footnotes":""},"categories":[68],"tags":[621,34,133,111,110,31,33,32,30],"class_list":{"0":"post-53074","1":"post","2":"type-post","3":"status-publish","4":"format-standard","5":"has-post-thumbnail","7":"category-sport","8":"tag-hockeyallsvenskan","9":"tag-se","10":"tag-second-news","11":"tag-sport","12":"tag-sports","13":"tag-svenska","14":"tag-sverige","15":"tag-sweden","16":"tag-swedish"},"share_on_mastodon":{"url":"","error":""},"_links":{"self":[{"href":"https:\/\/www.europesays.com\/se\/wp-json\/wp\/v2\/posts\/53074","targetHints":{"allow":["GET"]}}],"collection":[{"href":"https:\/\/www.europesays.com\/se\/wp-json\/wp\/v2\/posts"}],"about":[{"href":"https:\/\/www.europesays.com\/se\/wp-json\/wp\/v2\/types\/post"}],"author":[{"embeddable":true,"href":"https:\/\/www.europesays.com\/se\/wp-json\/wp\/v2\/users\/2"}],"replies":[{"embeddable":true,"href":"https:\/\/www.europesays.com\/se\/wp-json\/wp\/v2\/comments?post=53074"}],"version-history":[{"count":0,"href":"https:\/\/www.europesays.com\/se\/wp-json\/wp\/v2\/posts\/53074\/revisions"}],"wp:featuredmedia":[{"embeddable":true,"href":"https:\/\/www.europesays.com\/se\/wp-json\/wp\/v2\/media\/53075"}],"wp:attachment":[{"href":"https:\/\/www.europesays.com\/se\/wp-json\/wp\/v2\/media?parent=53074"}],"wp:term":[{"taxonomy":"category","embeddable":true,"href":"https:\/\/www.europesays.com\/se\/wp-json\/wp\/v2\/categories?post=53074"},{"taxonomy":"post_tag","embeddable":true,"href":"https:\/\/www.europesays.com\/se\/wp-json\/wp\/v2\/tags?post=53074"}],"curies":[{"name":"wp","href":"https:\/\/api.w.org\/{rel}","templated":true}]}}