{"id":53084,"date":"2025-10-11T15:35:11","date_gmt":"2025-10-11T15:35:11","guid":{"rendered":"https:\/\/www.europesays.com\/se\/53084\/"},"modified":"2025-10-11T15:35:11","modified_gmt":"2025-10-11T15:35:11","slug":"emma-23-vantade-trillingar-en-dog-i-magen-da-brast-det","status":"publish","type":"post","link":"https:\/\/www.europesays.com\/se\/53084\/","title":{"rendered":"Emma, 23, v\u00e4ntade trillingar \u2013 en dog i magen: \u201dD\u00e5 brast det\u201d"},"content":{"rendered":"<p>Emma, 23, och Jesper, 26, f\u00e5r ett ov\u00e4ntat gl\u00e4djebesked: De v\u00e4ntar trillingar.<\/p>\n<p>Men lyckan v\u00e4nds till sorg n\u00e4r paret st\u00e4lls inf\u00f6r ett sv\u00e5rt val.<\/p>\n<p>\u2013 Man undrar vem det skulle blivit, s\u00e4ger Emma.<\/p>\n<p>Artikeln i korthet<\/p>\n<p> Emma Karlsson, 23, och Jesper Knutsson, 26, fr\u00e5n Vretstorp fick veta att de v\u00e4ntade trillingar.<\/p>\n<p> Ett av fostren fick f\u00f6r lite n\u00e4ring och paret st\u00e4lldes inf\u00f6r ett sv\u00e5rt val.<\/p>\n<p> Tv\u00e5 av trillingarna lever vidare, den tredje dog och \u00e4r fortfarande kvar i magen.<\/p>\n<p>Visa mer<\/p>\n<p>Operationssalen \u00e4r steril och luktar desinfektion. P\u00e5 ultraljudssk\u00e4rmen syns trillingarna. L\u00e5ngsamt lyfter l\u00e4karen ett smalt och l\u00e5ngt instrument mot Emmas mage. Jesper sitter bredvid och tittar p\u00e5 sk\u00e4rmen n\u00e4r det tr\u00e4nger genom Emmas hud.<\/p>\n<p>\u2013\u202fDet s\u00e5g ut som ett spjut som kom in i Emma och sen s\u00e5 f\u00f6rs\u00f6ker de g\u00e5 in i magen. Det s\u00e5g s\u00e5 l\u00e4skigt ut.<\/p>\n<p>\u2013\u202fN\u00e4r jag v\u00e4l l\u00e5g d\u00e4r, d\u00e5 brast det. D\u00e5 kom t\u00e5rarna, s\u00e4ger Emma.<\/p>\n<p>Skynket mellan dem och l\u00e4karen g\u00f6r att de inte kan se allt, men det \u00e4r sv\u00e5rt att inte undra vad som hade kunnat bli, mitt i beslutet som p\u00e5verkar graviditeten och liven i magen.<\/p>\n<p>Chocken: \u201dDet \u00e4r trillingar\u201d<\/p>\n<p>23-\u00e5riga Emma Karlsson fick reda p\u00e5 att hon var gravid en v\u00e5rdag f\u00f6r fem m\u00e5nader sen. Hon var ensam hemma och skulle snart i v\u00e4g f\u00f6r att klippa h\u00e5ret. Eftersom mensen var n\u00e5gra dagar sen tog hon ett graviditetstest, precis som hon gjort flera g\u00e5nger f\u00f6rut.<\/p>\n<p>Men den h\u00e4r g\u00e5ngen d\u00f6k tv\u00e5 streck upp p\u00e5 stickan.<\/p>\n<p>\u2013 Jag blev helt skakig och t\u00e4nkte bara: \u201dJa, jag m\u00e5ste \u00e5ka till fris\u00f6ren liksom\u201d. Och sen satt jag d\u00e4r hela dagen och det enda jag t\u00e4nkte p\u00e5 var att det var en bebis i magen.<\/p>\n<p><img loading=\"lazy\"   alt=\"\"\/><\/p>\n<p>N\u00e4r Emma b\u00f6rjade m\u00e5 d\u00e5ligt av sitt preventivmedel tyckte paret att det var b\u00e4st om hon slutade med det. \u201dVi t\u00e4nkte att vi f\u00e5r vara lite f\u00f6rsiktiga. Ja, sen blev det som det blev\u201d, s\u00e4ger Jesper.<\/p>\n<p>Foto: ANNA-KARIN NILSSON<\/p>\n<p>Jesper kan knappt tro att det \u00e4r sant n\u00e4r Emma ber\u00e4ttar att hon \u00e4r gravid.\u00a0<\/p>\n<p>Sen kommer n\u00e4sta \u00f6verraskning. P\u00e5 f\u00f6rsta kontrollen hos barnmorskan s\u00e4ger hon: \u201dDet kanske kommer som en chock, men det \u00e4r trillingar\u201d.<\/p>\n<p>\u2013 Allts\u00e5, jag fick panik. F\u00f6r att man var inst\u00e4lld p\u00e5 att nu blir det en. Och s\u00e5 \u00e4r det tre liksom som \u00e4r d\u00e4r inne, s\u00e4ger Jesper.<\/p>\n<p><img loading=\"lazy\"   alt=\"\"\/><\/p>\n<p>Till en b\u00f6rjan ber\u00e4ttade barnmorskan att det l\u00e5g tre pojkar i Emmas mage. \u201dD\u00e5 blir det livat hemma\u201d, s\u00e4ger Emma och skrattar. P\u00e5 ett senare ultraljud f\u00e5r de reda p\u00e5 att det \u00e4r tv\u00e5 killar och en tjej.<\/p>\n<p>Foto: ANNA-KARIN NILSSON<\/p>\n<p>\u201dI min v\u00e4rld har vi r\u00e4ddat tv\u00e5\u201d<\/p>\n<p>Emma och Jesper har ingen aning om att n\u00e5got \u00e4r fel n\u00e4r de \u00e5ker in p\u00e5 ett till ultraljud n\u00e5gra veckor senare. Pl\u00f6tsligt s\u00e4ger barnmorskan att hon beh\u00f6ver kolla n\u00e5got och l\u00e4mnar rummet. Emma som redan \u00e4r lite orolig b\u00f6rjar undra vad som har h\u00e4nt.<\/p>\n<p>N\u00e4r hon kommer tillbaka ber\u00e4ttar barnmorskan att en av bebisarna inte f\u00e5r tillr\u00e4ckligt med n\u00e4ring. Hon liknar det vid tv\u00e5 l\u00e4genheter. Ett foster har en egen l\u00e4genhet och \u00e4ter sin egen mat. Men de andra tv\u00e5 delar p\u00e5 maten i hush\u00e5llet och d\u00e4r \u00e4ter den ena mer \u00e4n den andra, f\u00f6rklarar barnmorskan.\u00a0<\/p>\n<p>Emma och Jesper hinner knappt ta in det barnmorskan sagt, innan samtalet \u00f6verg\u00e5r till vad som kommer h\u00e4nda sen. Barnmorskan ber\u00e4ttar att det finns tre olika alternativ.<\/p>\n<p>\u2013 Det ena \u00e4r att ta bort den tredje trillingen som inte f\u00e5r tillr\u00e4ckligt med n\u00e4ring. Andra alternativet \u00e4r att l\u00e5ta alla tre forts\u00e4tta och s\u00e5 se hur det blir. Eller att g\u00f6ra abort p\u00e5 alla, s\u00e4ger Jesper.<\/p>\n<p><img loading=\"lazy\"   alt=\"\"\/><\/p>\n<p>Emma jobbar vanligtvis inom hemtj\u00e4nsten, men nu \u00e4r hon sjukskriven efter operationen.<\/p>\n<p>Foto: ANNA-KARIN NILSSON<\/p>\n<p>Men de olika alternativen inneb\u00e4r stora risker, f\u00f6rklarar barnmorskan. Om de v\u00e4ljer att l\u00e5ta alla vara kvar finns risken att den minsta \u00e4nd\u00e5 d\u00f6r i magen, vilket kan skada de andra fostren. Och om de v\u00e4ljer att ta bort den minsta finns risk att ingreppet retar livmodern. Det kan leda till f\u00f6r tidig f\u00f6rlossning, vilket ocks\u00e5 medf\u00f6r risker f\u00f6r de tv\u00e5 som blir kvar.<\/p>\n<p>Innan de tar ett beslut skickas de till Karolinska i <a href=\"https:\/\/www.expressen.se\/tagg\/location\/stockholm\/\" class=\"\" rel=\"nofollow noopener\" target=\"_blank\">Stockholm<\/a> f\u00f6r att tr\u00e4ffa en specialistl\u00e4kare. De g\u00e5r \u00f6ver riskerna och \u00f6verlevnadschanserna igen.<\/p>\n<p>\u2013 Vi k\u00e4nde att vi ville r\u00e4dda s\u00e5 m\u00e5nga vi kan. Om vi tar bort den ena och det skulle leda till att vi f\u00e5r missfall, ja men d\u00e5 har vi \u00e4nd\u00e5 f\u00f6rs\u00f6kt, s\u00e4ger Emma.<\/p>\n<p><strong>Var det ett sj\u00e4lvklart val?<\/strong><\/p>\n<p>\u2013 Jag tror \u00e4nd\u00e5 att det var ganska sj\u00e4lvklart. Men man vet att folk p\u00e5 sociala medier kan bli s\u00e5 h\u00e4r: \u201dJag fattar inte hur ni har kunnat ta bort ett barn\u201d. S\u00e5 man var r\u00e4dd f\u00f6r s\u00e5nt ocks\u00e5, s\u00e4ger Emma.<\/p>\n<p>\u2013 I min v\u00e4rld har vi r\u00e4ddat tv\u00e5 stycken i st\u00e4llet f\u00f6r att ha tagit bort en, s\u00e4ger Jesper.<\/p>\n<p><img loading=\"lazy\"   alt=\"\"\/><\/p>\n<p>Emma och Jesper hade hunnit k\u00f6pa tre barnvagnar innan en av trillingarna dog. Nu m\u00e5ste de s\u00e4lja den ena.<\/p>\n<p>Foto: ANNA-KARIN NILSSON<\/p>\n<p>Redan dagen efter opereras Emma. Jesper sitter bredvid henne vid huvuddelen av britsen. Ett skynke g\u00f6r att de inte kan se exakt vad som h\u00e4nder. Men p\u00e5 en monitor syns hur l\u00e4karna g\u00e5r in och kopplar bort det minsta fostrets navelstr\u00e4ng.<\/p>\n<p>\u2013 Jag kunde inte kolla p\u00e5. Det gick inte. D\u00e5 k\u00e4nde man att det var p\u00e5 riktigt, s\u00e4ger Jesper som ber\u00e4ttar att han blev k\u00e4nslosam under ingreppet.<\/p>\n<p>\u2013 Jag l\u00e5g d\u00e4r och gr\u00e4t. Det \u00e4r \u00e4nd\u00e5 en person som f\u00f6rsvinner och man undrar vem det skulle blivit, fyller Emma i.<\/p>\n<p><img loading=\"lazy\"   alt=\"\"\/><\/p>\n<p>Emma visar var l\u00e4karna gick in med instrumentet som kopplade bort det ena syskonet.<\/p>\n<p>Foto: ANNA-KARIN NILSSON<\/p>\n<p><img loading=\"lazy\"   alt=\"\"\/><\/p>\n<p>Sista bilden p\u00e5 den tredje tvillingen som nu har slutat v\u00e4xa i Emmas mage.<\/p>\n<p>Foto: Anna-Karin Nilsson<\/p>\n<p>Den tredje trillingens hj\u00e4rta slutar sl\u00e5. Fostret hinner aldrig bli mer \u00e4n ungef\u00e4r 16 veckor gammal och kommer att ligga kvar i magen och f\u00f6das samtidigt som sina syskon.\u00a0<\/p>\n<p>\u2013 Jag fattar nog inte det f\u00f6rr\u00e4n jag v\u00e4l ligger d\u00e4r och det \u00e4r dags, s\u00e4ger Emma.<\/p>\n<p>\u2013 Sen tror jag att n\u00e4r vi \u00e4r p\u00e5 f\u00f6rlossningen kanske vi f\u00e5r v\u00e4lja om vi vill se den tredje eller inte. Vi kan lika g\u00e4rna s\u00e4ga nej. Det beror lite p\u00e5, s\u00e4ger Emma.<\/p>\n<p><img loading=\"lazy\"   alt=\"\"\/><\/p>\n<p>Emma h\u00e5ller p\u00e5 med sociala medier p\u00e5 fritiden. N\u00e4r hon ber\u00e4ttade om trillingen p\u00e5 Tiktok var det flera som kommenterade att de varit med om samma sak. nu vill hon sj\u00e4lv ber\u00e4tta f\u00f6r att andra inte ska k\u00e4nna sig ensamma.<\/p>\n<p>Foto: ANNA-KARIN NILSSON<\/p>\n<p>Om drygt tv\u00e5 m\u00e5nader blir Emma och Jesper f\u00f6r\u00e4ldrar till tv\u00e5\u00e4ggstvillingarna. Det blir en tjej och en kille. Nu, en tid efter operationen och allt det jobbiga, \u00e4r lyckan \u00f6ver framtiden det som de t\u00e4nker p\u00e5 mest.\u00a0<\/p>\n<p>\u2013 Det jag ser mest fram emot \u00e4r bara att de ska komma hem och att f\u00e5 vara h\u00e4r med dem i bebisbubblan, s\u00e4ger Jesper.<\/p>\n<p>\u2013 Nu k\u00e4nner man bara att man vill att de ska vara h\u00e4r, s\u00e4ger Emma.<\/p>\n<p><img loading=\"lazy\"   alt=\"\"\/><\/p>\n<p>Nu har de hunnit k\u00f6pa kl\u00e4der och det mesta som de beh\u00f6ver tills bebisarna kommer.<\/p>\n<p>Foto: ANNA-KARIN NILSSON<\/p>\n<p><img loading=\"lazy\"   alt=\"\"\/><\/p>\n<p>Bilbarnstolarna st\u00e5r och v\u00e4ntar p\u00e5 att bli anv\u00e4nda.<\/p>\n<p>Foto: ANNA-KARIN NILSSON<\/p>\n","protected":false},"excerpt":{"rendered":"Emma, 23, och Jesper, 26, f\u00e5r ett ov\u00e4ntat gl\u00e4djebesked: De v\u00e4ntar trillingar. Men lyckan v\u00e4nds till sorg n\u00e4r&hellip;\n","protected":false},"author":2,"featured_media":53085,"comment_status":"","ping_status":"","sticky":false,"template":"","format":"standard","meta":{"footnotes":""},"categories":[67],"tags":[104,950,135,5166,34,154,31,33,32,30,2909,1114,687,105],"class_list":{"0":"post-53084","1":"post","2":"type-post","3":"status-publish","4":"format-standard","5":"has-post-thumbnail","7":"category-underhallning","8":"tag-entertainment","9":"tag-location-orebro","10":"tag-location-stockholm","11":"tag-organization-karolinska-universitetssjukhuset","12":"tag-se","13":"tag-sections-sverige","14":"tag-svenska","15":"tag-sverige","16":"tag-sweden","17":"tag-swedish","18":"tag-topic-forlossning","19":"tag-topic-forlossningsberattelse","20":"tag-topic-graviditet","21":"tag-underhallning"},"share_on_mastodon":{"url":"","error":""},"_links":{"self":[{"href":"https:\/\/www.europesays.com\/se\/wp-json\/wp\/v2\/posts\/53084","targetHints":{"allow":["GET"]}}],"collection":[{"href":"https:\/\/www.europesays.com\/se\/wp-json\/wp\/v2\/posts"}],"about":[{"href":"https:\/\/www.europesays.com\/se\/wp-json\/wp\/v2\/types\/post"}],"author":[{"embeddable":true,"href":"https:\/\/www.europesays.com\/se\/wp-json\/wp\/v2\/users\/2"}],"replies":[{"embeddable":true,"href":"https:\/\/www.europesays.com\/se\/wp-json\/wp\/v2\/comments?post=53084"}],"version-history":[{"count":0,"href":"https:\/\/www.europesays.com\/se\/wp-json\/wp\/v2\/posts\/53084\/revisions"}],"wp:featuredmedia":[{"embeddable":true,"href":"https:\/\/www.europesays.com\/se\/wp-json\/wp\/v2\/media\/53085"}],"wp:attachment":[{"href":"https:\/\/www.europesays.com\/se\/wp-json\/wp\/v2\/media?parent=53084"}],"wp:term":[{"taxonomy":"category","embeddable":true,"href":"https:\/\/www.europesays.com\/se\/wp-json\/wp\/v2\/categories?post=53084"},{"taxonomy":"post_tag","embeddable":true,"href":"https:\/\/www.europesays.com\/se\/wp-json\/wp\/v2\/tags?post=53084"}],"curies":[{"name":"wp","href":"https:\/\/api.w.org\/{rel}","templated":true}]}}