{"id":53097,"date":"2025-10-11T15:51:16","date_gmt":"2025-10-11T15:51:16","guid":{"rendered":"https:\/\/www.europesays.com\/se\/53097\/"},"modified":"2025-10-11T15:51:16","modified_gmt":"2025-10-11T15:51:16","slug":"zara-larsson-saljer-lyxvaningen-i-vasastan-i-stockholm","status":"publish","type":"post","link":"https:\/\/www.europesays.com\/se\/53097\/","title":{"rendered":"Zara Larsson s\u00e4ljer lyxv\u00e5ningen i Vasastan i Stockholm"},"content":{"rendered":"<p>Publicerad 11 okt 2025 kl 06.30Uppdaterad kl 09.30<\/p>\n<p>Zara Larsson har s\u00e5lt sin v\u00e5ning i Stockholm.<\/p>\n<p>Och hon gjorde miljonvinst.<\/p>\n<p>\u2013 Hon var v\u00e4ldigt n\u00f6jd \u00f6ver en lyckad f\u00f6rs\u00e4ljning, s\u00e4ger m\u00e4klaren Maria Fernstr\u00f6m.<\/p>\n<p><img   alt=\"\"\/><\/p>\n<p>Zara Larsson.<\/p>\n<p>Foto: MAHI \/ BACKGRID UK \/ TT<\/p>\n<p>\u00d6ppna bild i helsk\u00e4rm<\/p>\n<p>Sedan 2016 har artisten <a href=\"https:\/\/www.expressen.se\/tagg\/person\/zara-larsson\/\" class=\"\" rel=\"nofollow noopener\" target=\"_blank\">Zara Larsson<\/a>, 27, haft en vindsv\u00e5ning med tre rum p\u00e5 79 kvadrat i centrala Stockholm.<\/p>\n<p>Men nu har hon s\u00e5lt den.<\/p>\n<p>Det skriver m\u00e4klaren Maria Fernstr\u00f6m p\u00e5 Instagram, vilket <a href=\"https:\/\/www.hant.se\/noje\/zara-larssons-saljer-otroliga-lagenheten-gor-miljonvinst\/11066956\" rel=\"nofollow noopener\" target=\"_blank\">H\u00e4nt<\/a> var f\u00f6rst att ber\u00e4tta.<\/p>\n<p><a href=\"https:\/\/www.instagram.com\/p\/DPjKji9DCJu\/\" data-provider=\"instagram\" class=\"js-social-embed\" rel=\"nofollow noopener\" target=\"_blank\">https:\/\/www.instagram.com\/p\/DPjKji9DCJu\/<\/a><\/p>\n<p>F\u00f6r Expressen ber\u00e4ttar Maria Fernstr\u00f6m:<\/p>\n<p>\u2013 Jag hade kontakt med Zara f\u00f6rsta g\u00e5ngen f\u00f6r tv\u00e5 \u00e5r sedan. Nu fotade vi upp l\u00e4genheten och gick ut med den p\u00e5 \u00f6ppen marknad och hade budgivning. Det blev ett v\u00e4ldigt bra slutpris.<\/p>\n<p>\u201dV\u00e4ldigt exklusiv\u201d<\/p>\n<p>Hon beskriver l\u00e4genheten som en \u201dfantastisk vindsv\u00e5ning\u201d. Den ligger i Vasastan i Stockholm, har tv\u00e5 sovrum och ett torn.<\/p>\n<p>\u2013 Den \u00e4r v\u00e4ldigt exklusiv, s\u00e4ger Maria Fernstr\u00f6m.<\/p>\n<p>Zara Larsson k\u00f6pte l\u00e4genheten f\u00f6r 7 750 000 kronor. Slutpriset p\u00e5 f\u00f6rs\u00e4ljningen nu blev 9 700 000 kronor efter budgivning, enligt Booli.<\/p>\n<p>Artisten gjorde allts\u00e5 en vinst p\u00e5 n\u00e4ra tv\u00e5 miljoner kronor.<\/p>\n<p>Se bilderna fr\u00e5n l\u00e4genheten:<img loading=\"lazy\"   alt=\"\"\/><\/p>\n<p>Zara Larsson har nu s\u00e5lt v\u00e5ningen.<\/p>\n<p>Foto: Lisa \u00c5gren \/ HF Agency f\u00f6r HusmanHagberg<\/p>\n<p>\u00d6ppna bild i helsk\u00e4rm<img loading=\"lazy\"   alt=\"\"\/><\/p>\n<p>V\u00e5ningen har ocks\u00e5 ett torn.<\/p>\n<p>Foto: Lisa \u00c5gren \/ HF Agency f\u00f6r HusmanHagberg<\/p>\n<p>\u00d6ppna bild i helsk\u00e4rm<img loading=\"lazy\"   alt=\"\"\/><\/p>\n<p>K\u00f6ket.<\/p>\n<p>Foto: Lisa \u00c5gren \/ HF Agency f\u00f6r HusmanHagberg<\/p>\n<p>\u00d6ppna bild i helsk\u00e4rm<img loading=\"lazy\"   alt=\"\"\/><\/p>\n<p>Sovrummet.<\/p>\n<p>Foto: Lisa \u00c5gren \/ HF Agency f\u00f6r HusmanHagberg<\/p>\n<p>\u00d6ppna bild i helsk\u00e4rm<img loading=\"lazy\"   alt=\"\"\/><\/p>\n<p>Slutpriset blev 9,7 miljoner.<\/p>\n<p>Foto: Lisa \u00c5gren \/ HF Agency f\u00f6r HusmanHagberg<\/p>\n<p>\u00d6ppna bild i helsk\u00e4rm<img loading=\"lazy\"   alt=\"\"\/><\/p>\n<p>Zara Larsson gjorde en vinst p\u00e5 n\u00e4ra tv\u00e5 miljoner kronor.<\/p>\n<p>Foto: Lisa \u00c5gren \/ HF Agency f\u00f6r HusmanHagberg<\/p>\n<p>\u00d6ppna bild i helsk\u00e4rm<img alt=\"\"\/>Ljudklippet gick inte att spela upp<\/p>\n<p>F\u00f6rs\u00f6k igen senare<\/p>\n<p><script async src=\"\/\/www.instagram.com\/embed.js\"><\/script><\/p>\n","protected":false},"excerpt":{"rendered":"Publicerad 11 okt 2025 kl 06.30Uppdaterad kl 09.30 Zara Larsson har s\u00e5lt sin v\u00e5ning i Stockholm. Och hon&hellip;\n","protected":false},"author":2,"featured_media":53098,"comment_status":"","ping_status":"","sticky":false,"template":"","format":"standard","meta":{"footnotes":""},"categories":[67],"tags":[104,3737,4086,34,31,33,32,30,402,105],"class_list":{"0":"post-53097","1":"post","2":"type-post","3":"status-publish","4":"format-standard","5":"has-post-thumbnail","7":"category-underhallning","8":"tag-entertainment","9":"tag-location-vasastan","10":"tag-person-zara-larsson","11":"tag-se","12":"tag-svenska","13":"tag-sverige","14":"tag-sweden","15":"tag-swedish","16":"tag-topic-artister","17":"tag-underhallning"},"share_on_mastodon":{"url":"","error":""},"_links":{"self":[{"href":"https:\/\/www.europesays.com\/se\/wp-json\/wp\/v2\/posts\/53097","targetHints":{"allow":["GET"]}}],"collection":[{"href":"https:\/\/www.europesays.com\/se\/wp-json\/wp\/v2\/posts"}],"about":[{"href":"https:\/\/www.europesays.com\/se\/wp-json\/wp\/v2\/types\/post"}],"author":[{"embeddable":true,"href":"https:\/\/www.europesays.com\/se\/wp-json\/wp\/v2\/users\/2"}],"replies":[{"embeddable":true,"href":"https:\/\/www.europesays.com\/se\/wp-json\/wp\/v2\/comments?post=53097"}],"version-history":[{"count":0,"href":"https:\/\/www.europesays.com\/se\/wp-json\/wp\/v2\/posts\/53097\/revisions"}],"wp:featuredmedia":[{"embeddable":true,"href":"https:\/\/www.europesays.com\/se\/wp-json\/wp\/v2\/media\/53098"}],"wp:attachment":[{"href":"https:\/\/www.europesays.com\/se\/wp-json\/wp\/v2\/media?parent=53097"}],"wp:term":[{"taxonomy":"category","embeddable":true,"href":"https:\/\/www.europesays.com\/se\/wp-json\/wp\/v2\/categories?post=53097"},{"taxonomy":"post_tag","embeddable":true,"href":"https:\/\/www.europesays.com\/se\/wp-json\/wp\/v2\/tags?post=53097"}],"curies":[{"name":"wp","href":"https:\/\/api.w.org\/{rel}","templated":true}]}}