{"id":53127,"date":"2025-10-11T16:36:30","date_gmt":"2025-10-11T16:36:30","guid":{"rendered":"https:\/\/www.europesays.com\/se\/53127\/"},"modified":"2025-10-11T16:36:30","modified_gmt":"2025-10-11T16:36:30","slug":"oklart-om-nina-wahas-pappa-var-bankranare-eller-om-hon-bara-hittar-pa","status":"publish","type":"post","link":"https:\/\/www.europesays.com\/se\/53127\/","title":{"rendered":"Oklart om Nina W\u00e4h\u00e4s pappa var bankr\u00e5nare \u2013 eller om hon bara hittar p\u00e5"},"content":{"rendered":"<p>F\u00f6rfattaren Nina W\u00e4h\u00e4 har skrivit en roman om sin pappa som kanske, eller kanske inte, var bankr\u00e5nare. <\/p>\n<p>F\u00f6r \u201dMajor Virvelvind\u201d \u00e4r allts\u00e5 en roman, \u00e4ven om det bygger p\u00e5 en m\u00f6jligen sann historia. W\u00e4h\u00e4s ber\u00e4ttarjag brottas med detta i sj\u00e4lva romanen. Hon \u201dvill skriva sant\u201d, skriver hon, samtidigt som hon f\u00f6rs\u00f6ker ta reda p\u00e5 just vad som \u00e4r sant och inte om hennes pappa. <\/p>\n<p>Aftonbladets Viktoria J\u00e4derling tycker att W\u00e4h\u00e4 fegar ur, och anv\u00e4nder romanformen f\u00f6r att slippa st\u00e5 f\u00f6r inneh\u00e5llets \u00e4kthet. Det g\u00f6r boken s\u00e4mre. <\/p>\n<p>\u201dF\u00f6r en roman skiter h\u00f6gaktningsfullt i om n\u00e5got \u00e4r sant eller fiktion\u201d, skriver J\u00e4derling.<\/p>\n<p>SR:s litteraturkritiker Nina Asarnoj tycker precis tv\u00e4rt om, och beskriver det som att W\u00e4h\u00e4 leker med kombinationen av memoar och roman. <\/p>\n<p>\u201dBlotta misstanken att hon faktiskt ber\u00e4ttar om en verklig pappa som har lagt mer energi p\u00e5 postr\u00e5n \u00e4n att umg\u00e5s med sin dotter, g\u00f6r boken till en l\u00e4sfest\u201d, skriver hon. <\/p>\n<p>Varje helg tipsar Omni-redaktionen om de mest aktuella filmerna, tv-serierna, musiken, b\u00f6ckerna och mycket mer fr\u00e5n hela v\u00e4rlden. Genre kan variera fr\u00e5n vecka till vecka.<\/p>\n<p>Recensionssvepen \u00e4r en del av Omnis helgsatsning med rekommendationer p\u00e5 l\u00e4sv\u00e4rda, aktuella och intressanta recensioner och intervjuer som publiceras varje helg. <\/p>\n<p>Omni \u00e4r politiskt obundna och oberoende. Vi str\u00e4var efter att ge fler perspektiv p\u00e5 nyheterna. Har du fr\u00e5gor eller synpunkter kring v\u00e5r rapportering? <a href=\"https:\/\/omni.se\/oklart-om-nina-wahas-pappa-var-bankranare-eller-om-hon-bara-hittar-pa\/a\/mailto:redaktion@omni.se\" class=\"ArticleActions_contactLink__W2F1M\" rel=\"nofollow noopener\" target=\"_blank\">Kontakta redaktionen<\/a><\/p>\n","protected":false},"excerpt":{"rendered":"F\u00f6rfattaren Nina W\u00e4h\u00e4 har skrivit en roman om sin pappa som kanske, eller kanske inte, var bankr\u00e5nare. F\u00f6r&hellip;\n","protected":false},"author":2,"featured_media":53128,"comment_status":"","ping_status":"","sticky":false,"template":"","format":"standard","meta":{"footnotes":""},"categories":[67],"tags":[104,270,1082,5167,34,31,33,32,30,105],"class_list":{"0":"post-53127","1":"post","2":"type-post","3":"status-publish","4":"format-standard","5":"has-post-thumbnail","7":"category-underhallning","8":"tag-entertainment","9":"tag-helg","10":"tag-litteratur","11":"tag-nina-waha","12":"tag-se","13":"tag-svenska","14":"tag-sverige","15":"tag-sweden","16":"tag-swedish","17":"tag-underhallning"},"share_on_mastodon":{"url":"","error":""},"_links":{"self":[{"href":"https:\/\/www.europesays.com\/se\/wp-json\/wp\/v2\/posts\/53127","targetHints":{"allow":["GET"]}}],"collection":[{"href":"https:\/\/www.europesays.com\/se\/wp-json\/wp\/v2\/posts"}],"about":[{"href":"https:\/\/www.europesays.com\/se\/wp-json\/wp\/v2\/types\/post"}],"author":[{"embeddable":true,"href":"https:\/\/www.europesays.com\/se\/wp-json\/wp\/v2\/users\/2"}],"replies":[{"embeddable":true,"href":"https:\/\/www.europesays.com\/se\/wp-json\/wp\/v2\/comments?post=53127"}],"version-history":[{"count":0,"href":"https:\/\/www.europesays.com\/se\/wp-json\/wp\/v2\/posts\/53127\/revisions"}],"wp:featuredmedia":[{"embeddable":true,"href":"https:\/\/www.europesays.com\/se\/wp-json\/wp\/v2\/media\/53128"}],"wp:attachment":[{"href":"https:\/\/www.europesays.com\/se\/wp-json\/wp\/v2\/media?parent=53127"}],"wp:term":[{"taxonomy":"category","embeddable":true,"href":"https:\/\/www.europesays.com\/se\/wp-json\/wp\/v2\/categories?post=53127"},{"taxonomy":"post_tag","embeddable":true,"href":"https:\/\/www.europesays.com\/se\/wp-json\/wp\/v2\/tags?post=53127"}],"curies":[{"name":"wp","href":"https:\/\/api.w.org\/{rel}","templated":true}]}}