{"id":53171,"date":"2025-10-11T18:01:08","date_gmt":"2025-10-11T18:01:08","guid":{"rendered":"https:\/\/www.europesays.com\/se\/53171\/"},"modified":"2025-10-11T18:01:08","modified_gmt":"2025-10-11T18:01:08","slug":"israel-slapper-livstidsdomda-mot-gisslan-enligt-gaza-avtalet","status":"publish","type":"post","link":"https:\/\/www.europesays.com\/se\/53171\/","title":{"rendered":"Israel sl\u00e4pper livstidsd\u00f6mda mot gisslan enligt Gaza-avtalet"},"content":{"rendered":"<p>Hamas sl\u00e4pper 20 levande israeler i sin gisslan \u2013 och Israel friger runt 2 000 palestinska f\u00e5ngar i sina f\u00e4ngelser, m\u00e5nga av dem d\u00f6mda till livstid f\u00f6r mord och terrord\u00e5d.<\/p>\n<p>Det \u00e4r avtalet som ska leda till fred och \u00e5teruppbyggnad i Gaza.<\/p>\n<p>\u2013 Hamas lyckas f\u00e5 loss n\u00e5gra tunga namn, men inte de allra tyngsta, s\u00e4ger den israeliske s\u00e4kerhetsexperten Yossi Melman.<\/p>\n<p>Senaste klippen om oroligheterna i Mellan\u00f6stern.<img   alt=\"\"\/><\/p>\n<p>Palestinska barn \u00e5terv\u00e4nder till resterna av sina hem efter vapenvilan i Gaza<\/p>\n<p>Foto: TAMER IBRAHIM \/ STELLA PICTURES ZUMA PRESS<\/p>\n<p>\u00d6ppna bild i helsk\u00e4rm<img loading=\"lazy\"   alt=\"\"\/><\/p>\n<p>Anh\u00f6riga till israeler i Hamas gisslan f\u00f6rr\u00e4ttar b\u00f6n p\u00e5 fredagskv\u00e4llen.<\/p>\n<p>Foto: ABAS\/SOPA IMAGES\/ SHUTTERSTOCK EDITORIAL\/IBL<\/p>\n<p>\u00d6ppna bild i helsk\u00e4rm<\/p>\n<p>En israelisk domstol d\u00f6mde 2004 palestiniern Bahij Badr till 18 livstidsstraff f\u00f6r mord p\u00e5 18 israeler. Nu sl\u00e4pps han fri, enligt avtalet mellan Israel och Hamas.<\/p>\n<p>Han var en av ledarna i Hamas p\u00e5 V\u00e4stbanken och d\u00f6mdes f\u00f6r att ha skickat ut sj\u00e4lvmordsbombare som spr\u00e4ngde sig sj\u00e4lva och sina offer p\u00e5 ett kaf\u00e9 i Jerusalem, en bussh\u00e5llplats utanf\u00f6r Tel Aviv och p\u00e5 en gata i Tel Aviv. Samtidigt d\u00f6mdes hans bror Baher Badr till elva livstidsstraff f\u00f6r elva mord i sj\u00e4lvmordsd\u00e5d.<\/p>\n<p>Nu friges de b\u00e5da Hamasm\u00e4nnen inom ramen f\u00f6r det avtal om vapenvila som president Donald Trump har drivit igenom.<\/p>\n<p>Artikeln i korthet<\/p>\n<p> Hamas sl\u00e4pper israelerna i sin gisslan, 20 levande och 28 d\u00f6da, i utbyte mot att Israel friger runt 2 000 palestinska f\u00e5ngar och \u00f6verl\u00e4mnar 360 kroppar.<\/p>\n<p> Bland palestinierna finns 195 som \u00e4r d\u00f6mda till livstid f\u00f6r mord, fr\u00e4mst i samband med blodiga sj\u00e4lvmordsd\u00e5d i Israel i b\u00f6rjan av 2000-talet.<\/p>\n<p> \u201dHamas f\u00e5r loss n\u00e5gra tunga namn, men inte de tyngsta\u201d, s\u00e4ger den israeliske s\u00e4kerhetsexperten Yossi Melman.<\/p>\n<p>Visa mer\u201dTunga namn men inte de tyngsta\u201d<\/p>\n<p>Br\u00f6derna \u00e4r \u201dtunga\u201d namn p\u00e5 Hamas kravlista, liksom ytterligare <a href=\"https:\/\/x.com\/GOPIsrael\/status\/1976602228602347715\" rel=\"nofollow\">runt 200 palestinska f\u00e5ngar som sl\u00e4pps <\/a>och som i Israel f\u00f6rknippas med blodiga terrord\u00e5d mot k\u00f6pcenter, kaf\u00e9er och bussar. De flesta under den andra intifadan, det palestinska upproret som skakade Israel i b\u00f6rjan av 2000-talet.<\/p>\n<p>Men de \u00e4r inte de mest k\u00e4nda symbolerna som Hamas vill f\u00e5 loss. Bland dem \u00e4r Marwan Barghouti, en samlande figur som palestinierna enligt alla opinionsm\u00e4tningar vill se som sin n\u00e4ste president \u2013 om han sl\u00e4pps.<\/p>\n<p><img loading=\"lazy\"   alt=\"\"\/><\/p>\n<p>Marwan Bargouthi, den mest k\u00e4nde palestinske livstidsf\u00e5ngen, f\u00e5r stanna i israeliskt f\u00e4ngelse.<\/p>\n<p>Foto: BRENNAN LINSLEY \/ AP<\/p>\n<p>\u00d6ppna bild i helsk\u00e4rm<img loading=\"lazy\"   alt=\"\"\/><\/p>\n<p>Marwan Bargouthi, den mest k\u00e4nde palestinske livstidsf\u00e5ngen, f\u00e5r stanna i israeliskt f\u00e4ngelse.<\/p>\n<p>Foto: EITAN HESS-ASHKENAZI \/ AP<\/p>\n<p>\u00d6ppna bild i helsk\u00e4rm<\/p>\n<p>\u2013 Bland dem som sl\u00e4pps finns n\u00e5gra av de tunga namnen som d\u00f6mts f\u00f6r blodiga d\u00e5d. Men inte de allra tyngsta symbolnamnen. Det r\u00e5der enighet i Israel om att inte sl\u00e4ppa dessa, s\u00e4ger den israeliske s\u00e4kerhetskommentatorn Yossi Melman som skrivit en rad b\u00f6cker om Israels underr\u00e4ttelse- och s\u00e4kerhetstj\u00e4nst och har medverkat i tidningen Haaretz i m\u00e5nga \u00e5r.<\/p>\n<p>\u2013 Israel sl\u00e4pper inte Barghouti av politiska sk\u00e4l. Han var f\u00f6re den andra intifadan fredsv\u00e4n och f\u00f6r en tv\u00e5statsl\u00f6sning. Regeringen vill inte sl\u00e4ppa en s\u00e5dan symbolfigur som skulle kunna leda en politisk utveckling, s\u00e4ger Yossi Melman.<\/p>\n<p><img loading=\"lazy\"   alt=\"\"\/><\/p>\n<p>Yossi Melman \u00e4r en ledande israelisk expert p\u00e5 s\u00e4kerhets- och underr\u00e4ttelsefr\u00e5gor.<\/p>\n<p>Foto: ARNE LAPIDUS<\/p>\n<p>\u00d6ppna bild i helsk\u00e4rm<\/p>\n<p>Vapenvilan har nu tr\u00e4tt i kraft och Israel har dragit tillbaka sina trupper i <a href=\"https:\/\/www.expressen.se\/tagg\/location\/gaza\/\" class=\"\" rel=\"nofollow noopener\" target=\"_blank\">Gaza<\/a> till en linje n\u00e4rmare gr\u00e4nsen.<\/p>\n<p>N\u00e4sta steg f\u00e5ngutv\u00e4xling<\/p>\n<p>N\u00e4sta steg blir att Hamas sl\u00e4pper de israeler terrorgruppen kidnappade i israeliska gr\u00e4nsbyar och p\u00e5 en musikfestival den 7 oktober 2023 \u2013 under de massakrer som utl\u00f6ste Gazakriget. 20 levande i gisslan och 28 d\u00f6da kroppar ska sl\u00e4ppas senast p\u00e5 m\u00e5ndag, enligt tidtabellen.<\/p>\n<p>I utbyte friger Israel cirka 2 000 palestinska f\u00e5ngar i sina f\u00e4ngelser \u2013 bland dem 250 d\u00f6mda till l\u00e5nga f\u00e4ngelsestraff, av dessa 195 till livstid, f\u00f6r mord och andra terrorbrott, samt 1 700 som Israel gripit under Gazakriget. Israel ska ocks\u00e5 l\u00e4mna \u00f6ver 360 d\u00f6da kroppar.<\/p>\n<p>Bland dem som sl\u00e4pps m\u00e4rks Iyad Abu Roub, en bef\u00e4lhavare i Islamiska Jihad p\u00e5 V\u00e4stbanken, som d\u00f6mdes f\u00f6r att ligga bakom en rad sj\u00e4lvmordsd\u00e5d 2003\u20132004, bland annat i en nattklubb och p\u00e5 ett marknadstorg, i vilka sammanlagt 13 m\u00e4nniskor m\u00f6rdades.<\/p>\n<p><img loading=\"lazy\"   alt=\"\"\/><\/p>\n<p>Iyad Abu Roub \u00e4r d\u00f6md f\u00f6r 13 mord i Israel. Nu friges han i en f\u00e5ngutv\u00e4xling.<\/p>\n<p>\u00d6ppna bild i helsk\u00e4rm<\/p>\n<p>Liksom Imad Qawasmeh, d\u00f6md till 16 livstidsstraff 2004 f\u00f6r att ha skickat ut tv\u00e5 sj\u00e4lvmordsbombare som m\u00f6rdade 16 israeler i staden Beersheba. Och en l\u00e5ng rad andra d\u00f6mda till livstidsstraff.<\/p>\n<p><img loading=\"lazy\"   alt=\"\"\/><\/p>\n<p>Palestiniern Imad Qawasmeh \u00e4r d\u00f6md f\u00f6r 16 mord i Israel. Nu friges han i en f\u00e5ngutv\u00e4xling.<\/p>\n<p>\u00d6ppna bild i helsk\u00e4rmF\u00f6rs till utlandet eller Gaza<\/p>\n<p>\u2013 De flesta frigivna f\u00f6rs till utlandet eller till Gaza. Den israeliska s\u00e4kerhetstj\u00e4nsten vill hellre att de ska till V\u00e4stbanken d\u00e4r man kan ha koll p\u00e5 dem. Men regeringen vill av politiska sk\u00e4l inte ha dem p\u00e5 V\u00e4stbanken, inte heller de israeliska bos\u00e4ttarna vill ha dem n\u00e4ra sig, s\u00e4ger Yossi Melman<\/p>\n<p>Men <a href=\"https:\/\/www.ynetnews.com\/article\/rypftxipgl\" rel=\"nofollow noopener\" target=\"_blank\">\u00f6verst p\u00e5 Hamas kravlista<\/a> st\u00e5r sedan l\u00e4nge Marwan Barghouti, 66, d\u00f6md 2002 till fem livstidsstraff f\u00f6r fem mord. Han tillh\u00f6r den rivaliserande palestinska gruppen Fatah, president Mahmoud Abbas parti \u2013 och ses som den som skulle kunna samla palestinierna, som \u00e4r sv\u00e5rt splittrade mellan Hamas och Fatah, bakom sig n\u00e4r Abbas en g\u00e5ng l\u00e4mnar sin post.<\/p>\n<p>Han f\u00e5r nu stanna i f\u00e4ngelse \u00e4ven efter denna f\u00e5ngutv\u00e4xling<\/p>\n<p>Israel sl\u00e4pper inte heller andra toppnamn p\u00e5 Hamas lista. Bland dem Abbas al-Sayed, d\u00f6md till 35 livstidsstraff f\u00f6r att ha planerat massakern p\u00e5 Park Hotel i den israeliska kuststaden Netanya 2002. D\u00e4r spr\u00e4ngde en palestinsk sj\u00e4lvmordsbombare 35 m\u00e4nniskor till d\u00f6ds, bland dem en svensk turist, som samlats f\u00f6r att fira den judiska p\u00e5skaftonen.<\/p>\n<p><img loading=\"lazy\"   alt=\"\"\/><\/p>\n<p>Arne Lapidus p\u00e5 plats i Tel Aviv.<\/p>\n<p>\u00d6ppna bild i helsk\u00e4rm<strong>L\u00c4S MER: <\/strong><a href=\"https:\/\/www.expressen.se\/nyheter\/varlden\/folkfest-i-israel-alla-hyllar-trump\/\" class=\"\" rel=\"nofollow noopener\" target=\"_blank\">Folkfest i Israel \u2013 alla hyllar Trump<\/a><strong>L\u00c4S MER: <\/strong><a href=\"https:\/\/www.expressen.se\/nyheter\/varlden\/spelet-bakom-avtalet-om-gaza\/\" class=\"\" rel=\"nofollow noopener\" target=\"_blank\">Spelet bakom avtalet om Gaza<\/a><strong>L\u00c4S MER: <\/strong><a href=\"https:\/\/www.expressen.se\/kronikorer\/mats-larsson\/det-ar-usas-fortjanst-att-hoppet-nu-finns-i-gaza\/\" class=\"\" rel=\"nofollow noopener\" target=\"_blank\">Det \u00e4r USA:s f\u00f6rtj\u00e4nst att hoppet nu finns i Gaza<\/a><\/p>\n","protected":false},"excerpt":{"rendered":"Hamas sl\u00e4pper 20 levande israeler i sin gisslan \u2013 och Israel friger runt 2 000 palestinska f\u00e5ngar i&hellip;\n","protected":false},"author":2,"featured_media":53172,"comment_status":"","ping_status":"","sticky":false,"template":"","format":"standard","meta":{"footnotes":""},"categories":[14],"tags":[22,23,26,27,17,21,24,25,56,58,4185,28,29,15,1552,16,1806,198,18,34,55,31,33,32,30,19,60,2836,20,51,52,53,54],"class_list":{"0":"post-53171","1":"post","2":"type-post","3":"status-publish","4":"format-standard","5":"has-post-thumbnail","7":"category-varlden","8":"tag-breaking-news","9":"tag-breakingnews","10":"tag-featured-news","11":"tag-featurednews","12":"tag-headlines","13":"tag-huvudnyheter","14":"tag-latest-news","15":"tag-latestnews","16":"tag-location-gaza","17":"tag-location-israel","18":"tag-location-vastbanken","19":"tag-main-news","20":"tag-mainnews","21":"tag-news","22":"tag-newsstory-kriget-mellan-hamas-och-israel","23":"tag-nyheter","24":"tag-organization-hamas","25":"tag-person-donald-trump","26":"tag-rubriker","27":"tag-se","28":"tag-sections-varlden","29":"tag-svenska","30":"tag-sverige","31":"tag-sweden","32":"tag-swedish","33":"tag-top-stories","34":"tag-topic-krig-konflikt","35":"tag-topic-terrorism","36":"tag-topstories","37":"tag-varlden","38":"tag-world","39":"tag-world-news","40":"tag-worldnews"},"share_on_mastodon":{"url":"","error":""},"_links":{"self":[{"href":"https:\/\/www.europesays.com\/se\/wp-json\/wp\/v2\/posts\/53171","targetHints":{"allow":["GET"]}}],"collection":[{"href":"https:\/\/www.europesays.com\/se\/wp-json\/wp\/v2\/posts"}],"about":[{"href":"https:\/\/www.europesays.com\/se\/wp-json\/wp\/v2\/types\/post"}],"author":[{"embeddable":true,"href":"https:\/\/www.europesays.com\/se\/wp-json\/wp\/v2\/users\/2"}],"replies":[{"embeddable":true,"href":"https:\/\/www.europesays.com\/se\/wp-json\/wp\/v2\/comments?post=53171"}],"version-history":[{"count":0,"href":"https:\/\/www.europesays.com\/se\/wp-json\/wp\/v2\/posts\/53171\/revisions"}],"wp:featuredmedia":[{"embeddable":true,"href":"https:\/\/www.europesays.com\/se\/wp-json\/wp\/v2\/media\/53172"}],"wp:attachment":[{"href":"https:\/\/www.europesays.com\/se\/wp-json\/wp\/v2\/media?parent=53171"}],"wp:term":[{"taxonomy":"category","embeddable":true,"href":"https:\/\/www.europesays.com\/se\/wp-json\/wp\/v2\/categories?post=53171"},{"taxonomy":"post_tag","embeddable":true,"href":"https:\/\/www.europesays.com\/se\/wp-json\/wp\/v2\/tags?post=53171"}],"curies":[{"name":"wp","href":"https:\/\/api.w.org\/{rel}","templated":true}]}}