{"id":53378,"date":"2025-10-12T01:29:15","date_gmt":"2025-10-12T01:29:15","guid":{"rendered":"https:\/\/www.europesays.com\/se\/53378\/"},"modified":"2025-10-12T01:29:15","modified_gmt":"2025-10-12T01:29:15","slug":"norge-nara-vm-slutspel-efter-show-fran-haaland","status":"publish","type":"post","link":"https:\/\/www.europesays.com\/se\/53378\/","title":{"rendered":"Norge n\u00e4ra VM-slutspel efter show fr\u00e5n Haaland"},"content":{"rendered":"<p>Norge \u00e4r mycket n\u00e4ra att direktkvalificera sig till n\u00e4sta \u00e5rs fotbolls-VM efter att ha k\u00f6rt \u00f6ver Israel hemma p\u00e5 Ullev\u00e5l. <\/p>\n<p>Storstj\u00e4rnan och Manchester City-spelaren Erling Braut Haaland bommade dubbla straffar tidigt i matchen men tog revansch med ett hattrick i 5\u20130-krossen. <\/p>\n<p>Norge toppar sin grupp med 18 po\u00e4ng, klart f\u00f6re tv\u00e5an Italien p\u00e5 9 po\u00e4ng. Italien har dock spelat tv\u00e5 matcher f\u00e4rre. <\/p>\n<p>Omni \u00e4r politiskt obundna och oberoende. Vi str\u00e4var efter att ge fler perspektiv p\u00e5 nyheterna. Har du fr\u00e5gor eller synpunkter kring v\u00e5r rapportering? <a href=\"https:\/\/omni.se\/norge-nara-vm-slutspel-efter-show-fran-haaland\/a\/mailto:redaktion@omni.se\" class=\"ArticleActions_contactLink__W2F1M\" rel=\"nofollow noopener\" target=\"_blank\">Kontakta redaktionen<\/a><\/p>\n","protected":false},"excerpt":{"rendered":"Norge \u00e4r mycket n\u00e4ra att direktkvalificera sig till n\u00e4sta \u00e5rs fotbolls-VM efter att ha k\u00f6rt \u00f6ver Israel hemma&hellip;\n","protected":false},"author":2,"featured_media":53379,"comment_status":"","ping_status":"","sticky":false,"template":"","format":"standard","meta":{"footnotes":""},"categories":[5],"tags":[22,23,5184,26,27,138,17,21,24,25,28,29,15,16,18,34,31,33,32,30,19,20],"class_list":{"0":"post-53378","1":"post","2":"type-post","3":"status-publish","4":"format-standard","5":"has-post-thumbnail","7":"category-rubriker","8":"tag-breaking-news","9":"tag-breakingnews","10":"tag-erling-braut-haaland","11":"tag-featured-news","12":"tag-featurednews","13":"tag-fotboll","14":"tag-headlines","15":"tag-huvudnyheter","16":"tag-latest-news","17":"tag-latestnews","18":"tag-main-news","19":"tag-mainnews","20":"tag-news","21":"tag-nyheter","22":"tag-rubriker","23":"tag-se","24":"tag-svenska","25":"tag-sverige","26":"tag-sweden","27":"tag-swedish","28":"tag-top-stories","29":"tag-topstories"},"share_on_mastodon":{"url":"","error":""},"_links":{"self":[{"href":"https:\/\/www.europesays.com\/se\/wp-json\/wp\/v2\/posts\/53378","targetHints":{"allow":["GET"]}}],"collection":[{"href":"https:\/\/www.europesays.com\/se\/wp-json\/wp\/v2\/posts"}],"about":[{"href":"https:\/\/www.europesays.com\/se\/wp-json\/wp\/v2\/types\/post"}],"author":[{"embeddable":true,"href":"https:\/\/www.europesays.com\/se\/wp-json\/wp\/v2\/users\/2"}],"replies":[{"embeddable":true,"href":"https:\/\/www.europesays.com\/se\/wp-json\/wp\/v2\/comments?post=53378"}],"version-history":[{"count":0,"href":"https:\/\/www.europesays.com\/se\/wp-json\/wp\/v2\/posts\/53378\/revisions"}],"wp:featuredmedia":[{"embeddable":true,"href":"https:\/\/www.europesays.com\/se\/wp-json\/wp\/v2\/media\/53379"}],"wp:attachment":[{"href":"https:\/\/www.europesays.com\/se\/wp-json\/wp\/v2\/media?parent=53378"}],"wp:term":[{"taxonomy":"category","embeddable":true,"href":"https:\/\/www.europesays.com\/se\/wp-json\/wp\/v2\/categories?post=53378"},{"taxonomy":"post_tag","embeddable":true,"href":"https:\/\/www.europesays.com\/se\/wp-json\/wp\/v2\/tags?post=53378"}],"curies":[{"name":"wp","href":"https:\/\/api.w.org\/{rel}","templated":true}]}}