{"id":53525,"date":"2025-10-12T06:13:24","date_gmt":"2025-10-12T06:13:24","guid":{"rendered":"https:\/\/www.europesays.com\/se\/53525\/"},"modified":"2025-10-12T06:13:24","modified_gmt":"2025-10-12T06:13:24","slug":"the-cure-till-wayout-west-nasta-ar","status":"publish","type":"post","link":"https:\/\/www.europesays.com\/se\/53525\/","title":{"rendered":"The Cure till Way\nout west n\u00e4sta \u00e5r"},"content":{"rendered":"<p>Publicerad 10 okt 2025 kl 15.48<\/p>\n<p>The Cure och Gorillaz \u00e4r klara f\u00f6r sommarens Way out west i G\u00f6teborg.<\/p>\n<p><img   alt=\"\"\/><\/p>\n<p>The cure kommer till Way out west.<\/p>\n<p>Foto: MICHEL EULER \/ AP<\/p>\n<p>\u00d6ppna bild i helsk\u00e4rm<img loading=\"lazy\"   alt=\"\"\/><\/p>\n<p>Gorillaz.<\/p>\n<p>Foto: MAGNUS LILJEGREN \/ STELLA PICTURES<\/p>\n<p>\u00d6ppna bild i helsk\u00e4rm<\/p>\n<p>N\u00e4r festivalen nu g\u00f6r sitt f\u00f6rsta artistsl\u00e4pp st\u00e5r det klart att de brittiska veteranerna The Cure g\u00f6r ett Sverigebes\u00f6k. Med sig har de bland annat albumet \u201dSongs of a lost world\u201d som sl\u00e4pptes i fjol \u2013 deras f\u00f6rsta p\u00e5 16 \u00e5r. Bandet debuterade med albumet \u201dThree imaginary boys\u201d 1979 och har s\u00e5lt \u00f6ver 30 miljoner album.<\/p>\n<p>\u00c4ven brittiska Gorillaz, med Blur-frontfiguren Damon Albarn i spetsen, kommer till festivalen. Det g\u00f6r \u00e4ven den amerikanska r\u2019n\u2019b-stj\u00e4rnan Ravyn Lenae.<\/p>\n<p>Way Out West 2026 \u00e4ger rum i Slottsskogen i G\u00f6teborg den 13-15 augusti. Ett f\u00f6rsta begr\u00e4nsat antal biljetter sl\u00e4pps den 13 oktober.<\/p>\n","protected":false},"excerpt":{"rendered":"Publicerad 10 okt 2025 kl 15.48 The Cure och Gorillaz \u00e4r klara f\u00f6r sommarens Way out west i&hellip;\n","protected":false},"author":2,"featured_media":53526,"comment_status":"","ping_status":"","sticky":false,"template":"","format":"standard","meta":{"footnotes":""},"categories":[67],"tags":[104,34,775,31,33,32,30,105],"class_list":{"0":"post-53525","1":"post","2":"type-post","3":"status-publish","4":"format-standard","5":"has-post-thumbnail","7":"category-underhallning","8":"tag-entertainment","9":"tag-se","10":"tag-sections-musik","11":"tag-svenska","12":"tag-sverige","13":"tag-sweden","14":"tag-swedish","15":"tag-underhallning"},"share_on_mastodon":{"url":"","error":""},"_links":{"self":[{"href":"https:\/\/www.europesays.com\/se\/wp-json\/wp\/v2\/posts\/53525","targetHints":{"allow":["GET"]}}],"collection":[{"href":"https:\/\/www.europesays.com\/se\/wp-json\/wp\/v2\/posts"}],"about":[{"href":"https:\/\/www.europesays.com\/se\/wp-json\/wp\/v2\/types\/post"}],"author":[{"embeddable":true,"href":"https:\/\/www.europesays.com\/se\/wp-json\/wp\/v2\/users\/2"}],"replies":[{"embeddable":true,"href":"https:\/\/www.europesays.com\/se\/wp-json\/wp\/v2\/comments?post=53525"}],"version-history":[{"count":0,"href":"https:\/\/www.europesays.com\/se\/wp-json\/wp\/v2\/posts\/53525\/revisions"}],"wp:featuredmedia":[{"embeddable":true,"href":"https:\/\/www.europesays.com\/se\/wp-json\/wp\/v2\/media\/53526"}],"wp:attachment":[{"href":"https:\/\/www.europesays.com\/se\/wp-json\/wp\/v2\/media?parent=53525"}],"wp:term":[{"taxonomy":"category","embeddable":true,"href":"https:\/\/www.europesays.com\/se\/wp-json\/wp\/v2\/categories?post=53525"},{"taxonomy":"post_tag","embeddable":true,"href":"https:\/\/www.europesays.com\/se\/wp-json\/wp\/v2\/tags?post=53525"}],"curies":[{"name":"wp","href":"https:\/\/api.w.org\/{rel}","templated":true}]}}