{"id":53822,"date":"2025-10-12T14:47:13","date_gmt":"2025-10-12T14:47:13","guid":{"rendered":"https:\/\/www.europesays.com\/se\/53822\/"},"modified":"2025-10-12T14:47:13","modified_gmt":"2025-10-12T14:47:13","slug":"frustrerad-trump-stodjer-energiattackerna-ger-ukraina-underrattelser","status":"publish","type":"post","link":"https:\/\/www.europesays.com\/se\/53822\/","title":{"rendered":"Frustrerad Trump st\u00f6djer energiattackerna \u2013 ger Ukraina underr\u00e4ttelser"},"content":{"rendered":"<p>Ukrainas upptrappade attacker mot rysk energi har skett med amerikanskt underr\u00e4ttelsest\u00f6d, uppger ukrainska och amerikanska k\u00e4llor f\u00f6r Financial Times. Med USA:s hj\u00e4lp fattas beslut om hur m\u00e5l ska attackeras och n\u00e4r det ska ske. <\/p>\n<p>Det amerikanska st\u00f6det har \u00f6kat i omfattning sedan tidigt i somras och ses som ett tecken p\u00e5 att Donald Trumps engagemang f\u00f6r landet blivit starkare, eftersom han \u00e4r frustrerad \u00f6ver Rysslands ovilja att f\u00e5 till en fredsl\u00f6sning. <\/p>\n<p>Ett skifte i Trumps inst\u00e4llning uppges ha skett efter ett telefonsamtal med Volodymyr Zelenskyj i juli. USA har inte officiellt erk\u00e4nt att man hj\u00e4lper till vid ukrainska attacker mot energianl\u00e4ggningar p\u00e5 ryskt territorium. <\/p>\n<p>Omni \u00e4r politiskt obundna och oberoende. Vi str\u00e4var efter att ge fler perspektiv p\u00e5 nyheterna. Har du fr\u00e5gor eller synpunkter kring v\u00e5r rapportering? <a href=\"https:\/\/omni.se\/kallor-frustrerad-trump-stodjer-energiattackerna-ger-ukraina-underrattelser\/a\/mailto:redaktion@omni.se\" class=\"ArticleActions_contactLink__W2F1M\" rel=\"nofollow noopener\" target=\"_blank\">Kontakta redaktionen<\/a><\/p>\n","protected":false},"excerpt":{"rendered":"Ukrainas upptrappade attacker mot rysk energi har skett med amerikanskt underr\u00e4ttelsest\u00f6d, uppger ukrainska och amerikanska k\u00e4llor f\u00f6r Financial&hellip;\n","protected":false},"author":2,"featured_media":53823,"comment_status":"","ping_status":"","sticky":false,"template":"","format":"standard","meta":{"footnotes":""},"categories":[5],"tags":[22,23,385,267,26,27,17,21,24,25,28,29,15,16,18,269,264,34,31,33,32,30,19,20,263,74,262],"class_list":{"0":"post-53822","1":"post","2":"type-post","3":"status-publish","4":"format-standard","5":"has-post-thumbnail","7":"category-rubriker","8":"tag-breaking-news","9":"tag-breakingnews","10":"tag-donald-trump","11":"tag-europa","12":"tag-featured-news","13":"tag-featurednews","14":"tag-headlines","15":"tag-huvudnyheter","16":"tag-latest-news","17":"tag-latestnews","18":"tag-main-news","19":"tag-mainnews","20":"tag-news","21":"tag-nyheter","22":"tag-rubriker","23":"tag-ryska-invasionen","24":"tag-ryssland","25":"tag-se","26":"tag-svenska","27":"tag-sverige","28":"tag-sweden","29":"tag-swedish","30":"tag-top-stories","31":"tag-topstories","32":"tag-ukraina","33":"tag-usa","34":"tag-volodymyr-zelenskyj"},"share_on_mastodon":{"url":"","error":""},"_links":{"self":[{"href":"https:\/\/www.europesays.com\/se\/wp-json\/wp\/v2\/posts\/53822","targetHints":{"allow":["GET"]}}],"collection":[{"href":"https:\/\/www.europesays.com\/se\/wp-json\/wp\/v2\/posts"}],"about":[{"href":"https:\/\/www.europesays.com\/se\/wp-json\/wp\/v2\/types\/post"}],"author":[{"embeddable":true,"href":"https:\/\/www.europesays.com\/se\/wp-json\/wp\/v2\/users\/2"}],"replies":[{"embeddable":true,"href":"https:\/\/www.europesays.com\/se\/wp-json\/wp\/v2\/comments?post=53822"}],"version-history":[{"count":0,"href":"https:\/\/www.europesays.com\/se\/wp-json\/wp\/v2\/posts\/53822\/revisions"}],"wp:featuredmedia":[{"embeddable":true,"href":"https:\/\/www.europesays.com\/se\/wp-json\/wp\/v2\/media\/53823"}],"wp:attachment":[{"href":"https:\/\/www.europesays.com\/se\/wp-json\/wp\/v2\/media?parent=53822"}],"wp:term":[{"taxonomy":"category","embeddable":true,"href":"https:\/\/www.europesays.com\/se\/wp-json\/wp\/v2\/categories?post=53822"},{"taxonomy":"post_tag","embeddable":true,"href":"https:\/\/www.europesays.com\/se\/wp-json\/wp\/v2\/tags?post=53822"}],"curies":[{"name":"wp","href":"https:\/\/api.w.org\/{rel}","templated":true}]}}