{"id":53824,"date":"2025-10-12T14:49:17","date_gmt":"2025-10-12T14:49:17","guid":{"rendered":"https:\/\/www.europesays.com\/se\/53824\/"},"modified":"2025-10-12T14:49:17","modified_gmt":"2025-10-12T14:49:17","slug":"hast-avlivad-efter-olycka-pa-sm-valdigt-svart-att-ta-in","status":"publish","type":"post","link":"https:\/\/www.europesays.com\/se\/53824\/","title":{"rendered":"H\u00e4st avlivad efter olycka p\u00e5 SM: &#8221;V\u00e4ldigt sv\u00e5rt att ta in&#8221;"},"content":{"rendered":"<p>OBS! L\u00e4ngst ner i artikeln finns en bild p\u00e5 den blodiga, skadade hoven. K\u00e4nsliga l\u00e4sare varnas. <\/p>\n<p>Det var i <a href=\"https:\/\/www.tidningenridsport.se\/tidigare-mastaren-toppade-seniorernas-sm-kval\/\" target=\"_blank\" rel=\"noreferrer noopener nofollow\">torsdagens kval \u00f6ver 1,50-hinder till l\u00f6rdagens SM-final <\/a>f\u00f6r seniorer p\u00e5 Flyinge som olyckan var framme.<\/p>\n<blockquote class=\"wp-block-quote is-layout-flow wp-block-quote-is-layout-flow\">\n<p>I st\u00e4llet f\u00f6r att rida SM-final p\u00e5 l\u00f6rdagen fick jag \u00e5ka till djursjukhuset och h\u00e4mta en grimma.<\/p>\n<\/blockquote>\n<p>Helsingborgsekipaget <strong>Petronella Green Wendt<\/strong> och <strong>Chetaro R <\/strong>(HOLST val f \u2013 09 e Chepetto-Contender, uppf Rodde Klaus, \u00e4g Sj\u00f6hultet Sporth\u00e4star AB) hade klarat av banan med ett nedslag och det var en lycklig ryttare som korsade m\u00e5llinjen.<\/p>\n<p>\u2013 Jag var \u00f6verlycklig, det var bara min andra 1,50-klass, s\u00e4ger Petronella Green Wendt som k\u00f6pte Chetaro R f\u00f6r fyra \u00e5r sedan f\u00f6r att just kunna hoppa lite st\u00f6rre klasser. <br \/>\u2013\u00a0Men s\u00e5 blev han skadad s\u00e5 illa att veterin\u00e4rerna inte trodde att han skulle kunna forts\u00e4tta som hopph\u00e4st. Han fick en tre \u00e5r l\u00e5ng vila eftersom jag ocks\u00e5 fick barn under den perioden, forts\u00e4tter hon.<\/p>\n<p>Lycka byttes mot sorg<\/p>\n<p>Men lyckan skulle snart bytas ut mot en stor sorg. Efter m\u00e5lg\u00e5ng galopperade valacken upp med en framhov p\u00e5 de lastpallar som l\u00e5g p\u00e5 marken som underlag f\u00f6r ett staket. De liggande lastpallarna med staketet utgjorde en provisorisk sarg i Crafoordhallen och var t\u00e4ckta med ett tygskynke som h\u00e4ngde hela v\u00e4gen ner till ridbanans botten.<\/p>\n<p>P\u00e5 Equisports film fr\u00e5n klassen h\u00f6rs ett kraftigt islag och det syns ocks\u00e5 att h\u00e4sten blir v\u00e4ldigt halt p\u00e5 sitt v\u00e4nstra framben. Bilder som ryttaren tog efter\u00e5t visar att s\u00e5v\u00e4l skynket som kanten p\u00e5 lastpallen skadades.<\/p>\n<p>Petronella Green Wendt menar att s\u00e4ttet som den provisoriska sargen var utgjord p\u00e5 gjorde att det blev som en synvilla \u2013 det var sv\u00e5rt att avg\u00f6ra vad som var vad. <br \/>\u2013 Det var egentligen helt odramatiskt och ingen som f\u00f6rstod vad som h\u00e4nde, s\u00e4ger Petronella Green Wendt.<\/p>\n<p>Hon satt av inne p\u00e5 banan och ledde sin kraftigt haltande h\u00e4st ut. <br \/>\u2013 Det var s\u00e5 mycket blod och han hade s\u00e5 fruktansv\u00e4rt ont.<\/p>\n<p>Stora skador<\/p>\n<p>Valacken transporterades till specialisth\u00e4stsjukhuset i Helsingborg f\u00f6r operation. N\u00e4r han l\u00e5g p\u00e5 operationsbordet konstaterades att skadorna var alltf\u00f6r omfattande f\u00f6r att kunna \u00e5tg\u00e4rdas. Det handlade bland annat om att ligament runt hovbenet var helt avslitna. Chetaro R fick somna in p\u00e5 operationsbordet.<br \/>\u2013 I st\u00e4llet f\u00f6r att rida SM-final p\u00e5 l\u00f6rdagen fick jag \u00e5ka till djursjukhuset och h\u00e4mta en grimma. Det \u00e4r v\u00e4ldigt sv\u00e5rt att ta in vad som har h\u00e4nt och jag tror aldrig jag har gr\u00e5tit s\u00e5 h\u00e4r mycket, s\u00e4ger Petronella Green Wendt som d\u00e5 och d\u00e5 under intervjun har sv\u00e5rt att h\u00e5lla t\u00e5rarna tillbaka. <br \/>\u2013 Jag har varit s\u00e5 orolig f\u00f6r att han ska bli halt igen och s\u00e5 h\u00e4nder n\u00e5got s\u00e5dant h\u00e4r.<\/p>\n<p><img loading=\"lazy\" decoding=\"async\" width=\"1200\" height=\"668\" src=\"https:\/\/www.europesays.com\/se\/wp-content\/uploads\/2025\/10\/petronellagreenwendtochchetaror.jpeg\" alt=\"Petronella Green Wendt Och Chetaro R\" class=\"wp-image-485395\"  \/>Petronella Green Wendt och Chetaro R vid en tidigare t\u00e4vling.<\/p>\n<p>Hon klandrar sig sj\u00e4lv f\u00f6r det som h\u00e4nde och har spelat upp situationen i sitt huvud g\u00e5ng p\u00e5 g\u00e5ng. Samtidigt \u00e4r hon inte helt n\u00f6jd med t\u00e4vlingsledarens uttalande i media om att olyckan skulle ha g\u00e5tt till p\u00e5 n\u00e5got annat s\u00e4tt, och allts\u00e5 inte hade n\u00e5got med den provisoriska sargen att g\u00f6ra. <br \/>\u2013\u00a0Jag \u00e4r ytterst ansvarig f\u00f6r vad som h\u00e4nde, jag skulle inte ha ridit s\u00e5 n\u00e4ra sargen. Det finns ingen som kunde f\u00f6rutsp\u00e5 att n\u00e5got s\u00e5dant h\u00e4r skulle kunna h\u00e4nda, men hade det varit en vanlig, sl\u00e4t sarg hade detta aldrig h\u00e4nt.<\/p>\n<p>\u2013 Men den konstruktionen var inte s\u00e4ker. Vad hade h\u00e4nt om en h\u00e4st kommit l\u00f6s och kanske trampat igenom en lastpall? <br \/>\u2013 Inget kan ge mig min h\u00e4st tillbaka, men n\u00e5got s\u00e5dant h\u00e4r ska inte f\u00e5 h\u00e4nda igen, s\u00e4ger ryttaren som har f\u00e5tt hj\u00e4lp av anh\u00f6riga med att f\u00e5 vardagen med fler h\u00e4star och tv\u00e5 sm\u00e5 barn att g\u00e5 ihop de senaste dagarna.<\/p>\n<p>SvRF utreder vad som har h\u00e4nt<\/p>\n<p>Efter olyckan har arrang\u00f6ren lagt sands\u00e4ckar i nederkant vid lastpallarna och Svenska Ridsportf\u00f6rbundet, SvRF, har uppr\u00e4ttat en incidentrapport. <br \/>\u2013\u00a0Det inneb\u00e4r att h\u00e4ndelsen kommer att utredas vidare och vi har redan samlat in mycket information om det som h\u00e4nde. Vad vi hittills har f\u00e5tt fram kan jag inte s\u00e4ga under p\u00e5g\u00e5ende utredning, s\u00e4ger SvRF:s generalsekreterare <strong>Johan Fyrberg.<\/strong> <br \/>\u2013 Varje olycka \u00e4r en olycka f\u00f6r mycket, och detta \u00e4r otroligt tr\u00e5kigt f\u00f6r alla inblandade, forts\u00e4tter han.<\/p>\n<p><img loading=\"lazy\" decoding=\"async\" width=\"1536\" height=\"2048\" src=\"https:\/\/www.europesays.com\/se\/wp-content\/uploads\/2025\/10\/sandsackar.jpeg\" alt=\"Sandsa\u0308ckar\" class=\"wp-image-485397\"  \/>Efter olyckan lades det ut sands\u00e4ckar l\u00e4ngs lastpallarna.<\/p>\n<p>Det \u00e4r Svenska Ridsportf\u00f6rbundet som godk\u00e4nner t\u00e4vlingsarrang\u00f6rer och n\u00e4r det g\u00e4ller SM-hoppningarna var det Flyinge H\u00e4stsportklubb som fick f\u00f6rtroendet.<\/p>\n<p>Mitt i sorgen vill Petronella Green Wendt \u00e4nd\u00e5 lyfta att b\u00e5de t\u00e4vlingens veterin\u00e4r och hovslagare snabbt var framme n\u00e4r olyckan hade h\u00e4nt. <br \/>\u2013 De var v\u00e4ldigt proffsiga och ett st\u00f6d i den hemska situationen, s\u00e4ger hon.<\/p>\n<p>Arrang\u00f6ren har ansvaret<\/p>\n<p>Enligt TR har t\u00e4vlingsarrang\u00f6ren ansvar f\u00f6r att t\u00e4vlingsplatsen \u00e4r s\u00e4ker f\u00f6r h\u00e4star: \u201cT\u00e4vlingsbanan ska vara tydligt avgr\u00e4nsad. Avgr\u00e4nsningen ska vara utformad s\u00e5 att h\u00e4st inte oavsiktligt kan l\u00e4mna banan, men samtidigt inte inneb\u00e4ra s\u00e4rskild skaderisk vid sammanst\u00f6tning.\u201d  (TR II Mom. 221). Det \u00e4r \u00f6verdomaren som ansvarar f\u00f6r att t\u00e4vlingsbanans avgr\u00e4nsningar och omgivning uppfyller s\u00e4kerhetskraven innan t\u00e4vlingen startar. Det finns dock inga exakta riktlinjer kring hur sargar och staket ska vara utformade vid t\u00e4vling, d\u00e4remot har SvRF tydliga rekommendationer f\u00f6r hur sargar ska utformas generellt p\u00e5 ridanl\u00e4ggningar.<\/p>\n<p>Ridsport har s\u00f6kt t\u00e4vlingsledaren som i ett mejl h\u00e4nvisar till Johan Fyrberg.<\/p>\n<p>Alltid uppdaterad! Prenumerera gratis p\u00e5 Ridsports nyhetsbrev.<img loading=\"lazy\" decoding=\"async\" width=\"1536\" height=\"2048\" src=\"https:\/\/www.europesays.com\/se\/wp-content\/uploads\/2025\/10\/blodighov.jpeg\" alt=\"Blodig Hov\" class=\"wp-image-485396\"  \/><br \/>\nS\u00e5 arbetar Ridsport<\/p>\n<p>Grunden i v\u00e5r journalistik \u00e4r trov\u00e4rdighet och opartiskhet. Det vi publicerar ska vara sant och relevant. Ridsport \u00e4r oberoende och frist\u00e5ende i f\u00f6rh\u00e5llande till ekonomiska, privata, politiska och andra intressen.<\/p>\n","protected":false},"excerpt":{"rendered":"OBS! L\u00e4ngst ner i artikeln finns en bild p\u00e5 den blodiga, skadade hoven. K\u00e4nsliga l\u00e4sare varnas. Det var&hellip;\n","protected":false},"author":2,"featured_media":53825,"comment_status":"","ping_status":"","sticky":false,"template":"","format":"standard","meta":{"footnotes":""},"categories":[68],"tags":[5217,5218,5219,5220,34,477,111,110,31,5221,33,32,30],"class_list":{"0":"post-53824","1":"post","2":"type-post","3":"status-publish","4":"format-standard","5":"has-post-thumbnail","7":"category-sport","8":"tag-chetaro-r","9":"tag-flyinge","10":"tag-johan-fyrberg","11":"tag-petronella-green-wendt","12":"tag-se","13":"tag-sm","14":"tag-sport","15":"tag-sports","16":"tag-svenska","17":"tag-svenska-ridsportforbundet","18":"tag-sverige","19":"tag-sweden","20":"tag-swedish"},"share_on_mastodon":{"url":"","error":""},"_links":{"self":[{"href":"https:\/\/www.europesays.com\/se\/wp-json\/wp\/v2\/posts\/53824","targetHints":{"allow":["GET"]}}],"collection":[{"href":"https:\/\/www.europesays.com\/se\/wp-json\/wp\/v2\/posts"}],"about":[{"href":"https:\/\/www.europesays.com\/se\/wp-json\/wp\/v2\/types\/post"}],"author":[{"embeddable":true,"href":"https:\/\/www.europesays.com\/se\/wp-json\/wp\/v2\/users\/2"}],"replies":[{"embeddable":true,"href":"https:\/\/www.europesays.com\/se\/wp-json\/wp\/v2\/comments?post=53824"}],"version-history":[{"count":0,"href":"https:\/\/www.europesays.com\/se\/wp-json\/wp\/v2\/posts\/53824\/revisions"}],"wp:featuredmedia":[{"embeddable":true,"href":"https:\/\/www.europesays.com\/se\/wp-json\/wp\/v2\/media\/53825"}],"wp:attachment":[{"href":"https:\/\/www.europesays.com\/se\/wp-json\/wp\/v2\/media?parent=53824"}],"wp:term":[{"taxonomy":"category","embeddable":true,"href":"https:\/\/www.europesays.com\/se\/wp-json\/wp\/v2\/categories?post=53824"},{"taxonomy":"post_tag","embeddable":true,"href":"https:\/\/www.europesays.com\/se\/wp-json\/wp\/v2\/tags?post=53824"}],"curies":[{"name":"wp","href":"https:\/\/api.w.org\/{rel}","templated":true}]}}